{"id":540,"date":"2022-06-10T14:30:56","date_gmt":"2022-06-10T13:30:56","guid":{"rendered":"https:\/\/zpaszportemwreku.com\/?p=540"},"modified":"2022-06-10T17:04:07","modified_gmt":"2022-06-10T16:04:07","slug":"bosnia-i-hercegowina-sarajewo","status":"publish","type":"post","link":"https:\/\/zpaszportemwreku.com\/?p=540","title":{"rendered":"Bo\u015bnia i Hercegowina &#8211; Sarajewo"},"content":{"rendered":"\n<p>Sarajewo, to miasto kt\u00f3re od wielu, wielu lat siedzia\u0142o mi gdzie\u015b w g\u0142owie z my\u015bl\u0105, \u017ceby je zobaczy\u0107 i sprawdzi\u0107 co ciekawego ma nam do zaoferowania. Podczas wakacji w Chorwacji postanowi\u0142em wykorzysta\u0107 okazj\u0119 i zrobi\u0107 sobie wycieczk\u0119 fakultatywn\u0105 w\u0142a\u015bnie do stolicy Bo\u015bni i Hercegowiny.<\/p>\n\n\n\n<p>Swoj\u0105 podr\u00f3\u017c do Sarajewa zacz\u0105\u0142em od placu autobusowego w Splicie. Podr\u00f3\u017cowanie autobusem &nbsp;po Chorwacji oraz krajach s\u0105siedzkich jest do\u015b\u0107 popularne, &nbsp;dlatego bez problemu mo\u017cna znale\u017a\u0107 tanie po\u0142\u0105czenia. Bilet ze Splitu do Sarajewa to koszt &nbsp;156 hrk&nbsp; czyli oko\u0142o 100 z\u0142 lini\u0105 Croatia Bus (globtour &#8211; salinea &#8211; jadran ekspress), czas trwania podr\u00f3\u017cy to 7 godzin i 25 minut. Polacy mog\u0105 przekracza\u0107 granic\u0119 na dowodzie osobistym. Osoby, kt\u00f3re planuj\u0105 odwiedzi\u0107 Bo\u015bni\u0119 i Hercegowin\u0119 samochodem musz\u0105 pami\u0119ta\u0107 o wyrobieniu zielonej karty, kt\u00f3ra jest potwierdzeniem i gwarancj\u0105 ubezpieczenia pojazdu podczas ewentualnego wypadku.<\/p>\n\n\n\n<p>Na zwiedzanie Sarajewa mia\u0142em przeznaczone 24 godziny. Mo\u017cna w tym czasie zobaczy\u0107 wi\u0119kszo\u015b\u0107 atrakcji tego miasta, gdy\u017c s\u0105 one praktycznie w samym centrum i na jego obrze\u017cach. Ale polecam aby pozosta\u0107 w mie\u015bcie chocia\u017c jeden dzie\u0144 d\u0142u\u017cej.<\/p>\n\n\n\n<p>Ciekawsk\u0105 jest to, \u017ce Bo\u015bnia i Hercegowina to g\u0142\u00f3wnie pa\u0144stwo muzu\u0142ma\u0144skie. Jego wi\u0119kszo\u015b\u0107 mieszka\u0144c\u00f3w to muzu\u0142manie, 51% obywateli pa\u0144stwa deklaruje to wyznanie. Natomiast o samym Sarajewie m\u00f3wi si\u0119, \u017ce jest europejsk\u0105 Jerozolim\u0105. W samym mie\u015bcie krzy\u017cuj\u0105 si\u0119 cztery religie (islam, chrze\u015bcija\u0144stwo, prawos\u0142awie oraz spo\u0142ecze\u0144stwo \u017cydowskie). Najfajniejsze jest to, \u017ce ca\u0142a spo\u0142eczno\u015b\u0107 \u017cyje razem, bez dyskryminacji ze wzgl\u0119d\u00f3w religijnych.<\/p>\n\n\n\n<h2 class=\"wp-block-heading\">Stare Miasto<\/h2>\n\n\n\n<p>Star\u00f3wka Sarajewa jest&nbsp; najstarsz\u0105, a zarazem najwa\u017cniejsz\u0105 historyczn\u0105 cz\u0119\u015bci\u0105 miasta. G\u0142\u00f3wnym punktem jest turecki rynek, od kt\u00f3rego zaczyna si\u0119 ca\u0142a historia tego miasta. Warto jest r\u00f3wnie\u017c przespacerowa\u0107 si\u0119 w\u0105skimi uliczkami star\u00f3wki i poczu\u0107 prawdziwy klimat bo\u015bniackiego \u017cycia. Na pewno ka\u017cdy zauwa\u017cy i zwr\u00f3ci uwag\u0119 na ciekaw\u0105 zabudow\u0119 miasta, gdy\u017c wschodnia cz\u0119\u015b\u0107 dzielnicy s\u0105 to wp\u0142ywy tureckie, natomiast zachodnia cz\u0119\u015b\u0107 to architektura pochodzenia Austro &#8211; W\u0119gier.<\/p>\n\n\n\n<figure class=\"wp-block-gallery has-nested-images columns-default is-cropped wp-block-gallery-1 is-layout-flex wp-block-gallery-is-layout-flex\">\n<figure class=\"wp-block-image size-large\"><img loading=\"lazy\" decoding=\"async\" width=\"683\" height=\"1024\" data-id=\"548\" src=\"https:\/\/zpaszportemwreku.com\/wp-content\/uploads\/2022\/06\/Sarajewo-stare-miasto-01-683x1024.jpg\" alt=\"\" class=\"wp-image-548\" srcset=\"https:\/\/zpaszportemwreku.com\/wp-content\/uploads\/2022\/06\/Sarajewo-stare-miasto-01-683x1024.jpg 683w, https:\/\/zpaszportemwreku.com\/wp-content\/uploads\/2022\/06\/Sarajewo-stare-miasto-01-200x300.jpg 200w, https:\/\/zpaszportemwreku.com\/wp-content\/uploads\/2022\/06\/Sarajewo-stare-miasto-01-768x1152.jpg 768w, https:\/\/zpaszportemwreku.com\/wp-content\/uploads\/2022\/06\/Sarajewo-stare-miasto-01-1024x1536.jpg 1024w, https:\/\/zpaszportemwreku.com\/wp-content\/uploads\/2022\/06\/Sarajewo-stare-miasto-01.jpg 1080w\" sizes=\"auto, (max-width: 683px) 100vw, 683px\" \/><\/figure>\n\n\n\n<figure class=\"wp-block-image size-large\"><img loading=\"lazy\" decoding=\"async\" width=\"683\" height=\"1024\" data-id=\"546\" src=\"https:\/\/zpaszportemwreku.com\/wp-content\/uploads\/2022\/06\/Sarajewo-stare-miasto-02-683x1024.jpg\" alt=\"\" class=\"wp-image-546\" srcset=\"https:\/\/zpaszportemwreku.com\/wp-content\/uploads\/2022\/06\/Sarajewo-stare-miasto-02-683x1024.jpg 683w, https:\/\/zpaszportemwreku.com\/wp-content\/uploads\/2022\/06\/Sarajewo-stare-miasto-02-200x300.jpg 200w, https:\/\/zpaszportemwreku.com\/wp-content\/uploads\/2022\/06\/Sarajewo-stare-miasto-02-768x1152.jpg 768w, https:\/\/zpaszportemwreku.com\/wp-content\/uploads\/2022\/06\/Sarajewo-stare-miasto-02-1024x1536.jpg 1024w, https:\/\/zpaszportemwreku.com\/wp-content\/uploads\/2022\/06\/Sarajewo-stare-miasto-02.jpg 1080w\" sizes=\"auto, (max-width: 683px) 100vw, 683px\" \/><\/figure>\n\n\n\n<figure class=\"wp-block-image size-large\"><img loading=\"lazy\" decoding=\"async\" width=\"1024\" height=\"683\" data-id=\"547\" src=\"https:\/\/zpaszportemwreku.com\/wp-content\/uploads\/2022\/06\/Sarajewo-stare-miasto-03-1024x683.jpg\" alt=\"\" class=\"wp-image-547\" srcset=\"https:\/\/zpaszportemwreku.com\/wp-content\/uploads\/2022\/06\/Sarajewo-stare-miasto-03-1024x683.jpg 1024w, https:\/\/zpaszportemwreku.com\/wp-content\/uploads\/2022\/06\/Sarajewo-stare-miasto-03-300x200.jpg 300w, https:\/\/zpaszportemwreku.com\/wp-content\/uploads\/2022\/06\/Sarajewo-stare-miasto-03-768x512.jpg 768w, https:\/\/zpaszportemwreku.com\/wp-content\/uploads\/2022\/06\/Sarajewo-stare-miasto-03.jpg 1080w\" sizes=\"auto, (max-width: 1024px) 100vw, 1024px\" \/><\/figure>\n\n\n\n<figure class=\"wp-block-image size-large\"><img loading=\"lazy\" decoding=\"async\" width=\"683\" height=\"1024\" data-id=\"545\" src=\"https:\/\/zpaszportemwreku.com\/wp-content\/uploads\/2022\/06\/Sarajewo-stare-miasto-04-683x1024.jpg\" alt=\"\" class=\"wp-image-545\" srcset=\"https:\/\/zpaszportemwreku.com\/wp-content\/uploads\/2022\/06\/Sarajewo-stare-miasto-04-683x1024.jpg 683w, https:\/\/zpaszportemwreku.com\/wp-content\/uploads\/2022\/06\/Sarajewo-stare-miasto-04-200x300.jpg 200w, https:\/\/zpaszportemwreku.com\/wp-content\/uploads\/2022\/06\/Sarajewo-stare-miasto-04-768x1152.jpg 768w, https:\/\/zpaszportemwreku.com\/wp-content\/uploads\/2022\/06\/Sarajewo-stare-miasto-04-1024x1536.jpg 1024w, https:\/\/zpaszportemwreku.com\/wp-content\/uploads\/2022\/06\/Sarajewo-stare-miasto-04.jpg 1080w\" sizes=\"auto, (max-width: 683px) 100vw, 683px\" \/><\/figure>\n<\/figure>\n\n\n\n<h2 class=\"wp-block-heading\">A\u017curowa studnia Sebilj<\/h2>\n\n\n\n<p>Jest to najbardziej charakterystyczny i rozpoznawalny punkt miasta. Z wygl\u0105du przypomina grzyb, jest wykonana ca\u0142a z drewna, w stylu osma\u0144skim. Zbudowano j\u0105 w roku 1753. Ze studni mo\u017cna napi\u0107 si\u0119 wody, to \u015bwietna alternatywna w upalne dni.<\/p>\n\n\n\n<figure class=\"wp-block-gallery has-nested-images columns-default is-cropped wp-block-gallery-2 is-layout-flex wp-block-gallery-is-layout-flex\">\n<figure class=\"wp-block-image size-large\"><img loading=\"lazy\" decoding=\"async\" width=\"683\" height=\"1024\" data-id=\"549\" src=\"https:\/\/zpaszportemwreku.com\/wp-content\/uploads\/2022\/06\/Sarajewo-studnia-01-683x1024.jpg\" alt=\"\" class=\"wp-image-549\" srcset=\"https:\/\/zpaszportemwreku.com\/wp-content\/uploads\/2022\/06\/Sarajewo-studnia-01-683x1024.jpg 683w, https:\/\/zpaszportemwreku.com\/wp-content\/uploads\/2022\/06\/Sarajewo-studnia-01-200x300.jpg 200w, https:\/\/zpaszportemwreku.com\/wp-content\/uploads\/2022\/06\/Sarajewo-studnia-01-768x1152.jpg 768w, https:\/\/zpaszportemwreku.com\/wp-content\/uploads\/2022\/06\/Sarajewo-studnia-01-1024x1536.jpg 1024w, https:\/\/zpaszportemwreku.com\/wp-content\/uploads\/2022\/06\/Sarajewo-studnia-01.jpg 1080w\" sizes=\"auto, (max-width: 683px) 100vw, 683px\" \/><\/figure>\n<\/figure>\n\n\n\n<h2 class=\"wp-block-heading\">Bascarsija<\/h2>\n\n\n\n<p>Jest cz\u0119\u015bci\u0105 star\u00f3wki Sarajewa. Jest&nbsp; to dawny targ, kt\u00f3ry kultywowany jest po czasy dzisiejsze. Kszta\u0142t targu przypomina okr\u0105g, a jego punktem centralnym jest wspomniana wy\u017cej studnia Sebilj. Na targu kupicie pami\u0105tki, lampy, dywany, wyroby ceramiczne, a tak\u017ce napijecie si\u0119 pysznej kawy, soku ze \u015bwie\u017co wyciskanych granat\u00f3w czy spr\u00f3bujecie pysznej baklavy.<\/p>\n\n\n\n<h2 class=\"wp-block-heading\">Wieczny p\u0142omie\u0144<\/h2>\n\n\n\n<p>Mie\u015bci si\u0119 na ko\u0144cu deptaka prowadz\u0105cego do starego miasta. Wieczny Ogie\u0144 to pomnik znajduj\u0105cy si\u0119 przy tablicy upami\u0119tniaj\u0105cej ofiary II Wojny \u015awiatowej. P\u0142onie prawie nieprzerwanie od 1946 roku.<\/p>\n\n\n\n<figure class=\"wp-block-gallery has-nested-images columns-default is-cropped wp-block-gallery-3 is-layout-flex wp-block-gallery-is-layout-flex\">\n<figure class=\"wp-block-image size-large\"><img loading=\"lazy\" decoding=\"async\" width=\"683\" height=\"1024\" data-id=\"550\" src=\"https:\/\/zpaszportemwreku.com\/wp-content\/uploads\/2022\/06\/Sarajewo-wieczny-plomien-01-683x1024.jpg\" alt=\"\" class=\"wp-image-550\" srcset=\"https:\/\/zpaszportemwreku.com\/wp-content\/uploads\/2022\/06\/Sarajewo-wieczny-plomien-01-683x1024.jpg 683w, https:\/\/zpaszportemwreku.com\/wp-content\/uploads\/2022\/06\/Sarajewo-wieczny-plomien-01-200x300.jpg 200w, https:\/\/zpaszportemwreku.com\/wp-content\/uploads\/2022\/06\/Sarajewo-wieczny-plomien-01-768x1152.jpg 768w, https:\/\/zpaszportemwreku.com\/wp-content\/uploads\/2022\/06\/Sarajewo-wieczny-plomien-01-1024x1536.jpg 1024w, https:\/\/zpaszportemwreku.com\/wp-content\/uploads\/2022\/06\/Sarajewo-wieczny-plomien-01.jpg 1080w\" sizes=\"auto, (max-width: 683px) 100vw, 683px\" \/><\/figure>\n<\/figure>\n\n\n\n<h2 class=\"wp-block-heading\">Meczety w Sarajewie<\/h2>\n\n\n\n<p>Jak wspomnia\u0142em wcze\u015bniej, g\u0142\u00f3wnym kultem religijnym w Bo\u015bni i Hercegowinie jest islam, dlatego w stolicy tego kraju jest bardzo du\u017co meczet\u00f3w. W samym \u015bcis\u0142ym centrum jest ich oko\u0142o 10. S\u0105 na pewno charakterystycznymi punktami na mapie miasta. Maj\u0105c na sobie odpowiedni ubi\u00f3r mo\u017cemy wej\u015b\u0107 do meczetu i zobaczy\u0107 jak s\u0105 zdobione.<\/p>\n\n\n\n<figure class=\"wp-block-gallery has-nested-images columns-default is-cropped wp-block-gallery-4 is-layout-flex wp-block-gallery-is-layout-flex\">\n<figure class=\"wp-block-image size-large\"><img loading=\"lazy\" decoding=\"async\" width=\"683\" height=\"1024\" data-id=\"551\" src=\"https:\/\/zpaszportemwreku.com\/wp-content\/uploads\/2022\/06\/Sarajewo-meczety-01-683x1024.jpg\" alt=\"\" class=\"wp-image-551\" srcset=\"https:\/\/zpaszportemwreku.com\/wp-content\/uploads\/2022\/06\/Sarajewo-meczety-01-683x1024.jpg 683w, https:\/\/zpaszportemwreku.com\/wp-content\/uploads\/2022\/06\/Sarajewo-meczety-01-200x300.jpg 200w, https:\/\/zpaszportemwreku.com\/wp-content\/uploads\/2022\/06\/Sarajewo-meczety-01-768x1152.jpg 768w, https:\/\/zpaszportemwreku.com\/wp-content\/uploads\/2022\/06\/Sarajewo-meczety-01-1024x1536.jpg 1024w, https:\/\/zpaszportemwreku.com\/wp-content\/uploads\/2022\/06\/Sarajewo-meczety-01.jpg 1080w\" sizes=\"auto, (max-width: 683px) 100vw, 683px\" \/><\/figure>\n\n\n\n<figure class=\"wp-block-image size-large\"><img loading=\"lazy\" decoding=\"async\" width=\"683\" height=\"1024\" data-id=\"552\" src=\"https:\/\/zpaszportemwreku.com\/wp-content\/uploads\/2022\/06\/Sarajewo-meczety-02-683x1024.jpg\" alt=\"\" class=\"wp-image-552\" srcset=\"https:\/\/zpaszportemwreku.com\/wp-content\/uploads\/2022\/06\/Sarajewo-meczety-02-683x1024.jpg 683w, https:\/\/zpaszportemwreku.com\/wp-content\/uploads\/2022\/06\/Sarajewo-meczety-02-200x300.jpg 200w, https:\/\/zpaszportemwreku.com\/wp-content\/uploads\/2022\/06\/Sarajewo-meczety-02-768x1152.jpg 768w, https:\/\/zpaszportemwreku.com\/wp-content\/uploads\/2022\/06\/Sarajewo-meczety-02-1024x1536.jpg 1024w, https:\/\/zpaszportemwreku.com\/wp-content\/uploads\/2022\/06\/Sarajewo-meczety-02.jpg 1080w\" sizes=\"auto, (max-width: 683px) 100vw, 683px\" \/><\/figure>\n\n\n\n<figure class=\"wp-block-image size-large\"><img loading=\"lazy\" decoding=\"async\" width=\"683\" height=\"1024\" data-id=\"553\" src=\"https:\/\/zpaszportemwreku.com\/wp-content\/uploads\/2022\/06\/Sarajewo-meczety-03-683x1024.jpg\" alt=\"\" class=\"wp-image-553\" srcset=\"https:\/\/zpaszportemwreku.com\/wp-content\/uploads\/2022\/06\/Sarajewo-meczety-03-683x1024.jpg 683w, https:\/\/zpaszportemwreku.com\/wp-content\/uploads\/2022\/06\/Sarajewo-meczety-03-200x300.jpg 200w, https:\/\/zpaszportemwreku.com\/wp-content\/uploads\/2022\/06\/Sarajewo-meczety-03-768x1152.jpg 768w, https:\/\/zpaszportemwreku.com\/wp-content\/uploads\/2022\/06\/Sarajewo-meczety-03-1024x1536.jpg 1024w, https:\/\/zpaszportemwreku.com\/wp-content\/uploads\/2022\/06\/Sarajewo-meczety-03.jpg 1080w\" sizes=\"auto, (max-width: 683px) 100vw, 683px\" \/><\/figure>\n<\/figure>\n\n\n\n<h2 class=\"wp-block-heading\">Katedra Serca Jezusowego<\/h2>\n\n\n\n<p>Katolicka katedra pod wezwaniem Serca Jezusowego znajduj\u0119 si\u0119 przy g\u0142\u00f3wnym deptaku. Katedra powsta\u0142a w latach 1884 &#8211; 1889, jej autorem jest Josipa Vancasa. Zbudowana jest w stylu neogotyckim z dwiema dzwonnicami i rozet\u0105 nad wej\u015bciem. By\u0142a pierwsz\u0105 rzymskokatolick\u0105 katedr\u0105 w Sarajewie.<\/p>\n\n\n\n<figure class=\"wp-block-gallery has-nested-images columns-default is-cropped wp-block-gallery-5 is-layout-flex wp-block-gallery-is-layout-flex\">\n<figure class=\"wp-block-image size-large\"><img loading=\"lazy\" decoding=\"async\" width=\"683\" height=\"1024\" data-id=\"554\" src=\"https:\/\/zpaszportemwreku.com\/wp-content\/uploads\/2022\/06\/Sarajewo-Katedra-Serca-Jezusowego-01-683x1024.jpg\" alt=\"\" class=\"wp-image-554\" srcset=\"https:\/\/zpaszportemwreku.com\/wp-content\/uploads\/2022\/06\/Sarajewo-Katedra-Serca-Jezusowego-01-683x1024.jpg 683w, https:\/\/zpaszportemwreku.com\/wp-content\/uploads\/2022\/06\/Sarajewo-Katedra-Serca-Jezusowego-01-200x300.jpg 200w, https:\/\/zpaszportemwreku.com\/wp-content\/uploads\/2022\/06\/Sarajewo-Katedra-Serca-Jezusowego-01-768x1152.jpg 768w, https:\/\/zpaszportemwreku.com\/wp-content\/uploads\/2022\/06\/Sarajewo-Katedra-Serca-Jezusowego-01-1024x1536.jpg 1024w, https:\/\/zpaszportemwreku.com\/wp-content\/uploads\/2022\/06\/Sarajewo-Katedra-Serca-Jezusowego-01.jpg 1080w\" sizes=\"auto, (max-width: 683px) 100vw, 683px\" \/><\/figure>\n<\/figure>\n\n\n\n<h2 class=\"wp-block-heading\">Sob\u00f3r Narodzenia Matki Bo\u017cej w Sarajewie<\/h2>\n\n\n\n<p>Jest to prawos\u0142awna cerkiew, nale\u017c\u0105ca do Serbskiego Ko\u015bcia\u0142a Prawos\u0142awnego. Jest to najwi\u0119ksza cerkiew w ca\u0142ej Bo\u015bni oraz jedna z najwi\u0119kszych na ca\u0142ych Ba\u0142kanach. Styl bazylijki cerkiewnej jest neobarokowy. Budowa zosta\u0142a uko\u0144czona w 1874roku.<\/p>\n\n\n\n<figure class=\"wp-block-gallery has-nested-images columns-default is-cropped wp-block-gallery-6 is-layout-flex wp-block-gallery-is-layout-flex\">\n<figure class=\"wp-block-image size-large\"><img loading=\"lazy\" decoding=\"async\" width=\"683\" height=\"1024\" data-id=\"555\" src=\"https:\/\/zpaszportemwreku.com\/wp-content\/uploads\/2022\/06\/Sarajewo-sobor-01-683x1024.jpg\" alt=\"\" class=\"wp-image-555\" srcset=\"https:\/\/zpaszportemwreku.com\/wp-content\/uploads\/2022\/06\/Sarajewo-sobor-01-683x1024.jpg 683w, https:\/\/zpaszportemwreku.com\/wp-content\/uploads\/2022\/06\/Sarajewo-sobor-01-200x300.jpg 200w, https:\/\/zpaszportemwreku.com\/wp-content\/uploads\/2022\/06\/Sarajewo-sobor-01-768x1152.jpg 768w, https:\/\/zpaszportemwreku.com\/wp-content\/uploads\/2022\/06\/Sarajewo-sobor-01-1024x1536.jpg 1024w, https:\/\/zpaszportemwreku.com\/wp-content\/uploads\/2022\/06\/Sarajewo-sobor-01.jpg 1080w\" sizes=\"auto, (max-width: 683px) 100vw, 683px\" \/><\/figure>\n<\/figure>\n\n\n\n<h2 class=\"wp-block-heading\">Most \u0141aci\u0144ski<\/h2>\n\n\n\n<p>Osma\u0144ski most na rzece Miljacka. Wydarzenie na tym mo\u015bcie zosta\u0142o uznane za bezp\u015bredni\u0105 przyczyn\u0119 wybuchu I Wojny \u015awiatowej &#8211; mianowicie zosta\u0142 przeprowadzony tutaj zamach na austriackiego nast\u0119pc\u0119 tronu Franciszka Ferdynanda Habsburga.<\/p>\n\n\n\n<figure class=\"wp-block-gallery has-nested-images columns-default is-cropped wp-block-gallery-7 is-layout-flex wp-block-gallery-is-layout-flex\">\n<figure class=\"wp-block-image size-large\"><img loading=\"lazy\" decoding=\"async\" width=\"1024\" height=\"683\" data-id=\"557\" src=\"https:\/\/zpaszportemwreku.com\/wp-content\/uploads\/2022\/06\/Sarajewo-most-lacinski-01-1024x683.jpg\" alt=\"\" class=\"wp-image-557\" srcset=\"https:\/\/zpaszportemwreku.com\/wp-content\/uploads\/2022\/06\/Sarajewo-most-lacinski-01-1024x683.jpg 1024w, https:\/\/zpaszportemwreku.com\/wp-content\/uploads\/2022\/06\/Sarajewo-most-lacinski-01-300x200.jpg 300w, https:\/\/zpaszportemwreku.com\/wp-content\/uploads\/2022\/06\/Sarajewo-most-lacinski-01-768x512.jpg 768w, https:\/\/zpaszportemwreku.com\/wp-content\/uploads\/2022\/06\/Sarajewo-most-lacinski-01.jpg 1080w\" sizes=\"auto, (max-width: 1024px) 100vw, 1024px\" \/><\/figure>\n\n\n\n<figure class=\"wp-block-image size-large\"><img loading=\"lazy\" decoding=\"async\" width=\"1024\" height=\"683\" data-id=\"556\" src=\"https:\/\/zpaszportemwreku.com\/wp-content\/uploads\/2022\/06\/Sarajewo-most-lacinski-02-1024x683.jpg\" alt=\"\" class=\"wp-image-556\" srcset=\"https:\/\/zpaszportemwreku.com\/wp-content\/uploads\/2022\/06\/Sarajewo-most-lacinski-02-1024x683.jpg 1024w, https:\/\/zpaszportemwreku.com\/wp-content\/uploads\/2022\/06\/Sarajewo-most-lacinski-02-300x200.jpg 300w, https:\/\/zpaszportemwreku.com\/wp-content\/uploads\/2022\/06\/Sarajewo-most-lacinski-02-768x512.jpg 768w, https:\/\/zpaszportemwreku.com\/wp-content\/uploads\/2022\/06\/Sarajewo-most-lacinski-02.jpg 1080w\" sizes=\"auto, (max-width: 1024px) 100vw, 1024px\" \/><\/figure>\n<\/figure>\n\n\n\n<h2 class=\"wp-block-heading\">Ratusz Miejski w Sarajewie<\/h2>\n\n\n\n<p>Ratusz znajduj\u0119 sie tu\u017c przy rzece Miljacka. Zosta\u0142 zbudowany w 1895 roku przez Aleksandra Wittka. W ratuszu znajduje si\u0119 r\u00f3wnie\u017c biblioteka, kt\u00f3ra niestety podczas wojny w 1992 roku straci\u0142a prawie 90% swoich dzie\u0142 w po\u017carze kt\u00f3ry w niej wybuch\u0142.<\/p>\n\n\n\n<figure class=\"wp-block-gallery has-nested-images columns-default is-cropped wp-block-gallery-8 is-layout-flex wp-block-gallery-is-layout-flex\">\n<figure class=\"wp-block-image size-large\"><img loading=\"lazy\" decoding=\"async\" width=\"683\" height=\"1024\" data-id=\"558\" src=\"https:\/\/zpaszportemwreku.com\/wp-content\/uploads\/2022\/06\/Sarajewo-panoramy-01-683x1024.jpg\" alt=\"\" class=\"wp-image-558\" srcset=\"https:\/\/zpaszportemwreku.com\/wp-content\/uploads\/2022\/06\/Sarajewo-panoramy-01-683x1024.jpg 683w, https:\/\/zpaszportemwreku.com\/wp-content\/uploads\/2022\/06\/Sarajewo-panoramy-01-200x300.jpg 200w, https:\/\/zpaszportemwreku.com\/wp-content\/uploads\/2022\/06\/Sarajewo-panoramy-01-768x1152.jpg 768w, https:\/\/zpaszportemwreku.com\/wp-content\/uploads\/2022\/06\/Sarajewo-panoramy-01-1024x1536.jpg 1024w, https:\/\/zpaszportemwreku.com\/wp-content\/uploads\/2022\/06\/Sarajewo-panoramy-01.jpg 1080w\" sizes=\"auto, (max-width: 683px) 100vw, 683px\" \/><\/figure>\n\n\n\n<figure class=\"wp-block-image size-large\"><img loading=\"lazy\" decoding=\"async\" width=\"1024\" height=\"683\" data-id=\"560\" src=\"https:\/\/zpaszportemwreku.com\/wp-content\/uploads\/2022\/06\/Sarajewo-panoramy-02-1024x683.jpg\" alt=\"\" class=\"wp-image-560\" srcset=\"https:\/\/zpaszportemwreku.com\/wp-content\/uploads\/2022\/06\/Sarajewo-panoramy-02-1024x683.jpg 1024w, https:\/\/zpaszportemwreku.com\/wp-content\/uploads\/2022\/06\/Sarajewo-panoramy-02-300x200.jpg 300w, https:\/\/zpaszportemwreku.com\/wp-content\/uploads\/2022\/06\/Sarajewo-panoramy-02-768x512.jpg 768w, https:\/\/zpaszportemwreku.com\/wp-content\/uploads\/2022\/06\/Sarajewo-panoramy-02.jpg 1080w\" sizes=\"auto, (max-width: 1024px) 100vw, 1024px\" \/><\/figure>\n\n\n\n<figure class=\"wp-block-image size-large\"><img loading=\"lazy\" decoding=\"async\" width=\"1024\" height=\"683\" data-id=\"559\" src=\"https:\/\/zpaszportemwreku.com\/wp-content\/uploads\/2022\/06\/Sarajewo-panoramy-03-1024x683.jpg\" alt=\"\" class=\"wp-image-559\" srcset=\"https:\/\/zpaszportemwreku.com\/wp-content\/uploads\/2022\/06\/Sarajewo-panoramy-03-1024x683.jpg 1024w, https:\/\/zpaszportemwreku.com\/wp-content\/uploads\/2022\/06\/Sarajewo-panoramy-03-300x200.jpg 300w, https:\/\/zpaszportemwreku.com\/wp-content\/uploads\/2022\/06\/Sarajewo-panoramy-03-768x512.jpg 768w, https:\/\/zpaszportemwreku.com\/wp-content\/uploads\/2022\/06\/Sarajewo-panoramy-03.jpg 1080w\" sizes=\"auto, (max-width: 1024px) 100vw, 1024px\" \/><\/figure>\n\n\n\n<figure class=\"wp-block-image size-large\"><img loading=\"lazy\" decoding=\"async\" width=\"1024\" height=\"683\" data-id=\"561\" src=\"https:\/\/zpaszportemwreku.com\/wp-content\/uploads\/2022\/06\/Sarajewo-panoramy-04-1024x683.jpg\" alt=\"\" class=\"wp-image-561\" srcset=\"https:\/\/zpaszportemwreku.com\/wp-content\/uploads\/2022\/06\/Sarajewo-panoramy-04-1024x683.jpg 1024w, https:\/\/zpaszportemwreku.com\/wp-content\/uploads\/2022\/06\/Sarajewo-panoramy-04-300x200.jpg 300w, https:\/\/zpaszportemwreku.com\/wp-content\/uploads\/2022\/06\/Sarajewo-panoramy-04-768x512.jpg 768w, https:\/\/zpaszportemwreku.com\/wp-content\/uploads\/2022\/06\/Sarajewo-panoramy-04.jpg 1080w\" sizes=\"auto, (max-width: 1024px) 100vw, 1024px\" \/><\/figure>\n\n\n\n<figure class=\"wp-block-image size-large\"><img loading=\"lazy\" decoding=\"async\" width=\"1024\" height=\"620\" data-id=\"562\" src=\"https:\/\/zpaszportemwreku.com\/wp-content\/uploads\/2022\/06\/Sarajewo-panoramy-05-1024x620.jpg\" alt=\"\" class=\"wp-image-562\" srcset=\"https:\/\/zpaszportemwreku.com\/wp-content\/uploads\/2022\/06\/Sarajewo-panoramy-05-1024x620.jpg 1024w, https:\/\/zpaszportemwreku.com\/wp-content\/uploads\/2022\/06\/Sarajewo-panoramy-05-300x182.jpg 300w, https:\/\/zpaszportemwreku.com\/wp-content\/uploads\/2022\/06\/Sarajewo-panoramy-05-768x465.jpg 768w, https:\/\/zpaszportemwreku.com\/wp-content\/uploads\/2022\/06\/Sarajewo-panoramy-05.jpg 1076w\" sizes=\"auto, (max-width: 1024px) 100vw, 1024px\" \/><\/figure>\n<\/figure>\n\n\n\n<p>24 godziny w Sarajewie jak si\u0119 okaza\u0142o to troch\u0119 za ma\u0142o, aby zobaczy\u0107 wszystkie atrakcje tego miasta. Je\u015bli kto\u015b zostanie na d\u0142u\u017cej w tym mie\u015bcie to na pewno warto odwiedzi\u0107 jeszcze takie miejsca jak:<\/p>\n\n\n\n<ul class=\"wp-block-list\"><li>Wioska olimpijska &#8211; olimpiada odby\u0142a si\u0119 w Sarajewie w 1984. Po wiosce olimpijskiej i obiektach sportowych hula ju\u017c wiatr, ale jest to nie lada atrakcja.<\/li><\/ul>\n\n\n\n<ul class=\"wp-block-list\"><li>Kolejka na g\u00f3r\u0119 Trebevi\u0107, pono\u0107 rozpo\u015bciera si\u0119 z niej bajeczna panorama na ca\u0142e miasto.<\/li><\/ul>\n\n\n\n<ul class=\"wp-block-list\"><li>\u017bydowsk\u0105 Synagog\u0119 czy cmentarz \u017cydowski<\/li><\/ul>\n\n\n\n<figure class=\"wp-block-gallery has-nested-images columns-3 is-cropped wp-block-gallery-9 is-layout-flex wp-block-gallery-is-layout-flex\">\n<figure class=\"wp-block-image size-large\"><img loading=\"lazy\" decoding=\"async\" width=\"683\" height=\"1024\" data-id=\"567\" src=\"https:\/\/zpaszportemwreku.com\/wp-content\/uploads\/2022\/06\/Sarajewo-rozne-01-683x1024.jpg\" alt=\"\" class=\"wp-image-567\" srcset=\"https:\/\/zpaszportemwreku.com\/wp-content\/uploads\/2022\/06\/Sarajewo-rozne-01-683x1024.jpg 683w, https:\/\/zpaszportemwreku.com\/wp-content\/uploads\/2022\/06\/Sarajewo-rozne-01-200x300.jpg 200w, https:\/\/zpaszportemwreku.com\/wp-content\/uploads\/2022\/06\/Sarajewo-rozne-01-768x1152.jpg 768w, https:\/\/zpaszportemwreku.com\/wp-content\/uploads\/2022\/06\/Sarajewo-rozne-01-1024x1536.jpg 1024w, https:\/\/zpaszportemwreku.com\/wp-content\/uploads\/2022\/06\/Sarajewo-rozne-01.jpg 1080w\" sizes=\"auto, (max-width: 683px) 100vw, 683px\" \/><\/figure>\n\n\n\n<figure class=\"wp-block-image size-large\"><img loading=\"lazy\" decoding=\"async\" width=\"1024\" height=\"683\" data-id=\"563\" src=\"https:\/\/zpaszportemwreku.com\/wp-content\/uploads\/2022\/06\/Sarajewo-rozne-02-1024x683.jpg\" alt=\"\" class=\"wp-image-563\" srcset=\"https:\/\/zpaszportemwreku.com\/wp-content\/uploads\/2022\/06\/Sarajewo-rozne-02-1024x683.jpg 1024w, https:\/\/zpaszportemwreku.com\/wp-content\/uploads\/2022\/06\/Sarajewo-rozne-02-300x200.jpg 300w, https:\/\/zpaszportemwreku.com\/wp-content\/uploads\/2022\/06\/Sarajewo-rozne-02-768x512.jpg 768w, https:\/\/zpaszportemwreku.com\/wp-content\/uploads\/2022\/06\/Sarajewo-rozne-02.jpg 1080w\" sizes=\"auto, (max-width: 1024px) 100vw, 1024px\" \/><\/figure>\n\n\n\n<figure class=\"wp-block-image size-large\"><img loading=\"lazy\" decoding=\"async\" width=\"683\" height=\"1024\" data-id=\"565\" src=\"https:\/\/zpaszportemwreku.com\/wp-content\/uploads\/2022\/06\/Sarajewo-rozne-03-683x1024.jpg\" alt=\"\" class=\"wp-image-565\" srcset=\"https:\/\/zpaszportemwreku.com\/wp-content\/uploads\/2022\/06\/Sarajewo-rozne-03-683x1024.jpg 683w, https:\/\/zpaszportemwreku.com\/wp-content\/uploads\/2022\/06\/Sarajewo-rozne-03-200x300.jpg 200w, https:\/\/zpaszportemwreku.com\/wp-content\/uploads\/2022\/06\/Sarajewo-rozne-03-768x1152.jpg 768w, https:\/\/zpaszportemwreku.com\/wp-content\/uploads\/2022\/06\/Sarajewo-rozne-03-1024x1536.jpg 1024w, https:\/\/zpaszportemwreku.com\/wp-content\/uploads\/2022\/06\/Sarajewo-rozne-03.jpg 1080w\" sizes=\"auto, (max-width: 683px) 100vw, 683px\" \/><\/figure>\n\n\n\n<figure class=\"wp-block-image size-large\"><img loading=\"lazy\" decoding=\"async\" width=\"683\" height=\"1024\" data-id=\"568\" src=\"https:\/\/zpaszportemwreku.com\/wp-content\/uploads\/2022\/06\/Sarajewo-rozne-04-683x1024.jpg\" alt=\"\" class=\"wp-image-568\" srcset=\"https:\/\/zpaszportemwreku.com\/wp-content\/uploads\/2022\/06\/Sarajewo-rozne-04-683x1024.jpg 683w, https:\/\/zpaszportemwreku.com\/wp-content\/uploads\/2022\/06\/Sarajewo-rozne-04-200x300.jpg 200w, https:\/\/zpaszportemwreku.com\/wp-content\/uploads\/2022\/06\/Sarajewo-rozne-04-768x1152.jpg 768w, https:\/\/zpaszportemwreku.com\/wp-content\/uploads\/2022\/06\/Sarajewo-rozne-04-1024x1536.jpg 1024w, https:\/\/zpaszportemwreku.com\/wp-content\/uploads\/2022\/06\/Sarajewo-rozne-04.jpg 1080w\" sizes=\"auto, (max-width: 683px) 100vw, 683px\" \/><\/figure>\n\n\n\n<figure class=\"wp-block-image size-large\"><img loading=\"lazy\" decoding=\"async\" width=\"683\" height=\"1024\" data-id=\"566\" src=\"https:\/\/zpaszportemwreku.com\/wp-content\/uploads\/2022\/06\/Sarajewo-rozne-05-683x1024.jpg\" alt=\"\" class=\"wp-image-566\" srcset=\"https:\/\/zpaszportemwreku.com\/wp-content\/uploads\/2022\/06\/Sarajewo-rozne-05-683x1024.jpg 683w, https:\/\/zpaszportemwreku.com\/wp-content\/uploads\/2022\/06\/Sarajewo-rozne-05-200x300.jpg 200w, https:\/\/zpaszportemwreku.com\/wp-content\/uploads\/2022\/06\/Sarajewo-rozne-05-768x1152.jpg 768w, https:\/\/zpaszportemwreku.com\/wp-content\/uploads\/2022\/06\/Sarajewo-rozne-05-1024x1536.jpg 1024w, https:\/\/zpaszportemwreku.com\/wp-content\/uploads\/2022\/06\/Sarajewo-rozne-05.jpg 1080w\" sizes=\"auto, (max-width: 683px) 100vw, 683px\" \/><\/figure>\n<\/figure>\n\n\n\n<figure class=\"wp-block-gallery has-nested-images columns-default is-cropped wp-block-gallery-10 is-layout-flex wp-block-gallery-is-layout-flex\">\n<figure class=\"wp-block-image size-large\"><img loading=\"lazy\" decoding=\"async\" width=\"1073\" height=\"611\" data-id=\"564\" src=\"https:\/\/zpaszportemwreku.com\/wp-content\/uploads\/2022\/06\/Sarajewo-rozne-06.jpg\" alt=\"\" class=\"wp-image-564\" srcset=\"https:\/\/zpaszportemwreku.com\/wp-content\/uploads\/2022\/06\/Sarajewo-rozne-06.jpg 1073w, https:\/\/zpaszportemwreku.com\/wp-content\/uploads\/2022\/06\/Sarajewo-rozne-06-300x171.jpg 300w, https:\/\/zpaszportemwreku.com\/wp-content\/uploads\/2022\/06\/Sarajewo-rozne-06-1024x583.jpg 1024w, https:\/\/zpaszportemwreku.com\/wp-content\/uploads\/2022\/06\/Sarajewo-rozne-06-768x437.jpg 768w\" sizes=\"auto, (max-width: 1073px) 100vw, 1073px\" \/><\/figure>\n<\/figure>\n\n\n\n<p>Na koniec to co bardzo lubi\u0119&#8230; kilka s\u0142\u00f3w o jedzeniu. B\u0119d\u0105c na Ba\u0142kanach i r\u00f3wnie\u017c w Bo\u015bni (nie tylko w Sarajewie) spr\u00f3bujcie koniecznie ich kuchni, kt\u00f3ra w g\u0142\u00f3wnej mierze opiera si\u0119 na grillowaniu potraw i rewelacyjnym ich doprawianiu. Co warto spr\u00f3bowa\u0107? Cevapcici to grillowane mi\u0119so formowane w kie\u0142baski, podawane w chlebku pita, cz\u0119sto z cebul\u0105 i sa\u0142atk\u0105 z pomidor\u00f3w i og\u00f3rk\u00f3w. Burek to ciasto filo nadziewane grillowanym mi\u0119sem lub fet\u0105 ze szpinakiem. Sa\u0142atka szopska to pomidory, og\u00f3rek i bia\u0142y ser podobny do fety. Kajmak, baklava, kawa pysznie parzona i wyciskane \u015bwie\u017ce soki z granat\u00f3w.<\/p>\n\n\n\n<figure class=\"wp-block-gallery has-nested-images columns-default is-cropped wp-block-gallery-11 is-layout-flex wp-block-gallery-is-layout-flex\">\n<figure class=\"wp-block-image size-large\"><img loading=\"lazy\" decoding=\"async\" width=\"768\" height=\"1024\" data-id=\"573\" src=\"https:\/\/zpaszportemwreku.com\/wp-content\/uploads\/2022\/06\/Sarajewo-jedzenie-01-768x1024.jpg\" alt=\"\" class=\"wp-image-573\" srcset=\"https:\/\/zpaszportemwreku.com\/wp-content\/uploads\/2022\/06\/Sarajewo-jedzenie-01-768x1024.jpg 768w, https:\/\/zpaszportemwreku.com\/wp-content\/uploads\/2022\/06\/Sarajewo-jedzenie-01-225x300.jpg 225w, https:\/\/zpaszportemwreku.com\/wp-content\/uploads\/2022\/06\/Sarajewo-jedzenie-01-1152x1536.jpg 1152w, https:\/\/zpaszportemwreku.com\/wp-content\/uploads\/2022\/06\/Sarajewo-jedzenie-01-1536x2048.jpg 1536w, https:\/\/zpaszportemwreku.com\/wp-content\/uploads\/2022\/06\/Sarajewo-jedzenie-01-scaled.jpg 1920w\" sizes=\"auto, (max-width: 768px) 100vw, 768px\" \/><\/figure>\n\n\n\n<figure class=\"wp-block-image size-large\"><img loading=\"lazy\" decoding=\"async\" width=\"768\" height=\"1024\" data-id=\"574\" src=\"https:\/\/zpaszportemwreku.com\/wp-content\/uploads\/2022\/06\/Sarajewo-jedzenie-03-768x1024.jpg\" alt=\"\" class=\"wp-image-574\" srcset=\"https:\/\/zpaszportemwreku.com\/wp-content\/uploads\/2022\/06\/Sarajewo-jedzenie-03-768x1024.jpg 768w, https:\/\/zpaszportemwreku.com\/wp-content\/uploads\/2022\/06\/Sarajewo-jedzenie-03-225x300.jpg 225w, https:\/\/zpaszportemwreku.com\/wp-content\/uploads\/2022\/06\/Sarajewo-jedzenie-03-1152x1536.jpg 1152w, https:\/\/zpaszportemwreku.com\/wp-content\/uploads\/2022\/06\/Sarajewo-jedzenie-03-1536x2048.jpg 1536w, https:\/\/zpaszportemwreku.com\/wp-content\/uploads\/2022\/06\/Sarajewo-jedzenie-03-scaled.jpg 1920w\" sizes=\"auto, (max-width: 768px) 100vw, 768px\" \/><\/figure>\n\n\n\n<figure class=\"wp-block-image size-large\"><img loading=\"lazy\" decoding=\"async\" width=\"768\" height=\"1024\" data-id=\"572\" src=\"https:\/\/zpaszportemwreku.com\/wp-content\/uploads\/2022\/06\/Sarajewo-jedzenie-04-768x1024.jpg\" alt=\"\" class=\"wp-image-572\" srcset=\"https:\/\/zpaszportemwreku.com\/wp-content\/uploads\/2022\/06\/Sarajewo-jedzenie-04-768x1024.jpg 768w, https:\/\/zpaszportemwreku.com\/wp-content\/uploads\/2022\/06\/Sarajewo-jedzenie-04-225x300.jpg 225w, https:\/\/zpaszportemwreku.com\/wp-content\/uploads\/2022\/06\/Sarajewo-jedzenie-04-1152x1536.jpg 1152w, https:\/\/zpaszportemwreku.com\/wp-content\/uploads\/2022\/06\/Sarajewo-jedzenie-04-1536x2048.jpg 1536w, https:\/\/zpaszportemwreku.com\/wp-content\/uploads\/2022\/06\/Sarajewo-jedzenie-04-scaled.jpg 1920w\" sizes=\"auto, (max-width: 768px) 100vw, 768px\" \/><\/figure>\n\n\n\n<figure class=\"wp-block-image size-large\"><img loading=\"lazy\" decoding=\"async\" width=\"768\" height=\"1024\" data-id=\"571\" src=\"https:\/\/zpaszportemwreku.com\/wp-content\/uploads\/2022\/06\/Sarajewo-jedzenie-02-768x1024.jpg\" alt=\"\" class=\"wp-image-571\" srcset=\"https:\/\/zpaszportemwreku.com\/wp-content\/uploads\/2022\/06\/Sarajewo-jedzenie-02-768x1024.jpg 768w, https:\/\/zpaszportemwreku.com\/wp-content\/uploads\/2022\/06\/Sarajewo-jedzenie-02-225x300.jpg 225w, https:\/\/zpaszportemwreku.com\/wp-content\/uploads\/2022\/06\/Sarajewo-jedzenie-02-1152x1536.jpg 1152w, https:\/\/zpaszportemwreku.com\/wp-content\/uploads\/2022\/06\/Sarajewo-jedzenie-02-1536x2048.jpg 1536w, https:\/\/zpaszportemwreku.com\/wp-content\/uploads\/2022\/06\/Sarajewo-jedzenie-02-scaled.jpg 1920w\" sizes=\"auto, (max-width: 768px) 100vw, 768px\" \/><\/figure>\n<\/figure>\n\n\n\n<p>Walut\u0105 bo\u015bniack\u0105 jest marka bo\u015bniacka, nie jest \u0142atwo dosta\u0107 j\u0105 w Polsce, ale bez problemu mo\u017cecie wymieni\u0107 z\u0142ot\u00f3wki, euro czy dolary w bo\u015bniackich kantorach czy wyp\u0142aci\u0107 je z bankomatu. Ceny w Bo\u015bni s\u0105 ni\u017csze ni\u017c w Polsce. Przyk\u0142adowo &#8211; kawa kosztuje od 2 do 4 z\u0142, kawa\u0142ek pizzy 4 &#8211; 6 z\u0142, obiady w restauracji od 20 z\u0142.<\/p>\n\n\n\n<p>Podr\u00f3\u017c do Sarajewa b\u0119dzie jedn\u0105 z niezapomnianych wycieczek.<\/p>\n","protected":false},"excerpt":{"rendered":"<p>Sarajewo, to miasto kt\u00f3re od wielu, wielu lat siedzia\u0142o mi gdzie\u015b w g\u0142owie z my\u015bl\u0105, \u017ceby je zobaczy\u0107 i sprawdzi\u0107 co ciekawego ma nam do zaoferowania. Podczas wakacji w Chorwacji postanowi\u0142em wykorzysta\u0107 okazj\u0119 i zrobi\u0107 sobie wycieczk\u0119 fakultatywn\u0105 w\u0142a\u015bnie do stolicy Bo\u015bni i Hercegowiny. Swoj\u0105 podr\u00f3\u017c do Sarajewa zacz\u0105\u0142em od placu autobusowego w Splicie. Podr\u00f3\u017cowanie [&hellip;]<\/p>\n","protected":false},"author":2,"featured_media":569,"comment_status":"closed","ping_status":"open","sticky":false,"template":"","format":"standard","meta":{"_exactmetrics_skip_tracking":false,"_exactmetrics_sitenote_active":false,"_exactmetrics_sitenote_note":"","_exactmetrics_sitenote_category":0,"footnotes":""},"categories":[187,188,16,6],"tags":[194,189,190,196,197,192,191,63,148,193,195],"class_list":["post-540","post","type-post","status-publish","format-standard","has-post-thumbnail","hentry","category-187","category-bosnia-i-hercegowina","category-city-break","category-europa","tag-bascarsija","tag-bosnia","tag-bosnia-i-hercegowina","tag-meczet","tag-most-lacinski","tag-rynek-turecki","tag-sarajewo","tag-stare-miasto","tag-stolica","tag-studnia-sebilj","tag-wieczny-plomien","eq-blocks"],"yoast_head":"<!-- This site is optimized with the Yoast SEO plugin v27.5 - https:\/\/yoast.com\/product\/yoast-seo-wordpress\/ -->\n<title>Bo\u015bnia i Hercegowina - Sarajewo - Z paszportem w r\u0119ku<\/title>\n<meta name=\"description\" content=\"Z paszportem w r\u0119ku to blog po\u015bwi\u0119cony podr\u00f3\u017com - tym ma\u0142ym i du\u017cym. Opisy wyjazd\u00f3w, podpowiedzi i wskaz\u00f3wki do\u015bwiadczonego Podr\u00f3\u017cnika.\" \/>\n<meta name=\"robots\" content=\"index, follow, max-snippet:-1, max-image-preview:large, max-video-preview:-1\" \/>\n<link rel=\"canonical\" href=\"https:\/\/zpaszportemwreku.com\/?p=540\" \/>\n<meta property=\"og:locale\" content=\"pl_PL\" \/>\n<meta property=\"og:type\" content=\"article\" \/>\n<meta property=\"og:title\" content=\"Bo\u015bnia i Hercegowina - Sarajewo - Z paszportem w r\u0119ku\" \/>\n<meta property=\"og:description\" content=\"Z paszportem w r\u0119ku to blog po\u015bwi\u0119cony podr\u00f3\u017com - tym ma\u0142ym i du\u017cym. Opisy wyjazd\u00f3w, podpowiedzi i wskaz\u00f3wki do\u015bwiadczonego Podr\u00f3\u017cnika.\" \/>\n<meta property=\"og:url\" content=\"https:\/\/zpaszportemwreku.com\/?p=540\" \/>\n<meta property=\"og:site_name\" content=\"Z paszportem w r\u0119ku\" \/>\n<meta property=\"article:publisher\" content=\"https:\/\/www.facebook.com\/Z-paszportem-w-rku-101460025888785\/\" \/>\n<meta property=\"article:author\" content=\"https:\/\/www.facebook.com\/Z-paszportem-w-rku-101460025888785\/\" \/>\n<meta property=\"article:published_time\" content=\"2022-06-10T13:30:56+00:00\" \/>\n<meta property=\"article:modified_time\" content=\"2022-06-10T16:04:07+00:00\" \/>\n<meta property=\"og:image\" content=\"https:\/\/zpaszportemwreku.com\/wp-content\/uploads\/2022\/06\/Bosnia-i-Hercegowina-Sarajewo-e1654867850461.jpg\" \/>\n\t<meta property=\"og:image:width\" content=\"299\" \/>\n\t<meta property=\"og:image:height\" content=\"240\" \/>\n\t<meta property=\"og:image:type\" content=\"image\/jpeg\" \/>\n<meta name=\"author\" content=\"Podr\u00f3\u017cnik\" \/>\n<meta name=\"twitter:card\" content=\"summary_large_image\" \/>\n<meta name=\"twitter:label1\" content=\"Napisane przez\" \/>\n\t<meta name=\"twitter:data1\" content=\"Podr\u00f3\u017cnik\" \/>\n\t<meta name=\"twitter:label2\" content=\"Szacowany czas czytania\" \/>\n\t<meta name=\"twitter:data2\" content=\"11 minut\" \/>\n<script type=\"application\/ld+json\" class=\"yoast-schema-graph\">{\"@context\":\"https:\\\/\\\/schema.org\",\"@graph\":[{\"@type\":\"Article\",\"@id\":\"https:\\\/\\\/zpaszportemwreku.com\\\/?p=540#article\",\"isPartOf\":{\"@id\":\"https:\\\/\\\/zpaszportemwreku.com\\\/?p=540\"},\"author\":{\"name\":\"Podr\u00f3\u017cnik\",\"@id\":\"https:\\\/\\\/zpaszportemwreku.com\\\/#\\\/schema\\\/person\\\/41ad224ab9af56eaf73d867a848cba43\"},\"headline\":\"Bo\u015bnia i Hercegowina &#8211; Sarajewo\",\"datePublished\":\"2022-06-10T13:30:56+00:00\",\"dateModified\":\"2022-06-10T16:04:07+00:00\",\"mainEntityOfPage\":{\"@id\":\"https:\\\/\\\/zpaszportemwreku.com\\\/?p=540\"},\"wordCount\":1031,\"publisher\":{\"@id\":\"https:\\\/\\\/zpaszportemwreku.com\\\/#\\\/schema\\\/person\\\/41ad224ab9af56eaf73d867a848cba43\"},\"image\":{\"@id\":\"https:\\\/\\\/zpaszportemwreku.com\\\/?p=540#primaryimage\"},\"thumbnailUrl\":\"https:\\\/\\\/zpaszportemwreku.com\\\/wp-content\\\/uploads\\\/2022\\\/06\\\/Bosnia-i-Hercegowina-Sarajewo-e1654867850461.jpg\",\"keywords\":[\"Bascarsija\",\"Bo\u015bnia\",\"Bo\u015bnia i Hercegowina\",\"meczet\",\"Most \u0141aci\u0144ski\",\"rynek turecki\",\"Sarajewo\",\"stare miasto\",\"stolica\",\"studnia Sebilj\",\"wieczny p\u0142omie\u0144\"],\"articleSection\":[\"2019\",\"Bo\u015bnia i Hercegowina\",\"City Break\",\"Europa\"],\"inLanguage\":\"pl-PL\"},{\"@type\":\"WebPage\",\"@id\":\"https:\\\/\\\/zpaszportemwreku.com\\\/?p=540\",\"url\":\"https:\\\/\\\/zpaszportemwreku.com\\\/?p=540\",\"name\":\"Bo\u015bnia i Hercegowina - Sarajewo - Z paszportem w r\u0119ku\",\"isPartOf\":{\"@id\":\"https:\\\/\\\/zpaszportemwreku.com\\\/#website\"},\"primaryImageOfPage\":{\"@id\":\"https:\\\/\\\/zpaszportemwreku.com\\\/?p=540#primaryimage\"},\"image\":{\"@id\":\"https:\\\/\\\/zpaszportemwreku.com\\\/?p=540#primaryimage\"},\"thumbnailUrl\":\"https:\\\/\\\/zpaszportemwreku.com\\\/wp-content\\\/uploads\\\/2022\\\/06\\\/Bosnia-i-Hercegowina-Sarajewo-e1654867850461.jpg\",\"datePublished\":\"2022-06-10T13:30:56+00:00\",\"dateModified\":\"2022-06-10T16:04:07+00:00\",\"description\":\"Z paszportem w r\u0119ku to blog po\u015bwi\u0119cony podr\u00f3\u017com - tym ma\u0142ym i du\u017cym. Opisy wyjazd\u00f3w, podpowiedzi i wskaz\u00f3wki do\u015bwiadczonego Podr\u00f3\u017cnika.\",\"breadcrumb\":{\"@id\":\"https:\\\/\\\/zpaszportemwreku.com\\\/?p=540#breadcrumb\"},\"inLanguage\":\"pl-PL\",\"potentialAction\":[{\"@type\":\"ReadAction\",\"target\":[\"https:\\\/\\\/zpaszportemwreku.com\\\/?p=540\"]}]},{\"@type\":\"ImageObject\",\"inLanguage\":\"pl-PL\",\"@id\":\"https:\\\/\\\/zpaszportemwreku.com\\\/?p=540#primaryimage\",\"url\":\"https:\\\/\\\/zpaszportemwreku.com\\\/wp-content\\\/uploads\\\/2022\\\/06\\\/Bosnia-i-Hercegowina-Sarajewo-e1654867850461.jpg\",\"contentUrl\":\"https:\\\/\\\/zpaszportemwreku.com\\\/wp-content\\\/uploads\\\/2022\\\/06\\\/Bosnia-i-Hercegowina-Sarajewo-e1654867850461.jpg\",\"width\":299,\"height\":240},{\"@type\":\"BreadcrumbList\",\"@id\":\"https:\\\/\\\/zpaszportemwreku.com\\\/?p=540#breadcrumb\",\"itemListElement\":[{\"@type\":\"ListItem\",\"position\":1,\"name\":\"Home\",\"item\":\"https:\\\/\\\/zpaszportemwreku.com\\\/\"},{\"@type\":\"ListItem\",\"position\":2,\"name\":\"Bo\u015bnia i Hercegowina &#8211; Sarajewo\"}]},{\"@type\":\"WebSite\",\"@id\":\"https:\\\/\\\/zpaszportemwreku.com\\\/#website\",\"url\":\"https:\\\/\\\/zpaszportemwreku.com\\\/\",\"name\":\"Z paszportem w r\u0119ku\",\"description\":\"Blog podr\u00f3\u017cnika - informacje, porady, wskaz\u00f3wki\",\"publisher\":{\"@id\":\"https:\\\/\\\/zpaszportemwreku.com\\\/#\\\/schema\\\/person\\\/41ad224ab9af56eaf73d867a848cba43\"},\"potentialAction\":[{\"@type\":\"SearchAction\",\"target\":{\"@type\":\"EntryPoint\",\"urlTemplate\":\"https:\\\/\\\/zpaszportemwreku.com\\\/?s={search_term_string}\"},\"query-input\":{\"@type\":\"PropertyValueSpecification\",\"valueRequired\":true,\"valueName\":\"search_term_string\"}}],\"inLanguage\":\"pl-PL\"},{\"@type\":[\"Person\",\"Organization\"],\"@id\":\"https:\\\/\\\/zpaszportemwreku.com\\\/#\\\/schema\\\/person\\\/41ad224ab9af56eaf73d867a848cba43\",\"name\":\"Podr\u00f3\u017cnik\",\"image\":{\"@type\":\"ImageObject\",\"inLanguage\":\"pl-PL\",\"@id\":\"https:\\\/\\\/zpaszportemwreku.com\\\/wp-content\\\/uploads\\\/2022\\\/04\\\/cropped-logo-01-1.png\",\"url\":\"https:\\\/\\\/zpaszportemwreku.com\\\/wp-content\\\/uploads\\\/2022\\\/04\\\/cropped-logo-01-1.png\",\"contentUrl\":\"https:\\\/\\\/zpaszportemwreku.com\\\/wp-content\\\/uploads\\\/2022\\\/04\\\/cropped-logo-01-1.png\",\"width\":93,\"height\":90,\"caption\":\"Podr\u00f3\u017cnik\"},\"logo\":{\"@id\":\"https:\\\/\\\/zpaszportemwreku.com\\\/wp-content\\\/uploads\\\/2022\\\/04\\\/cropped-logo-01-1.png\"},\"sameAs\":[\"https:\\\/\\\/zpaszportemwreku.com\\\/\",\"https:\\\/\\\/www.facebook.com\\\/Z-paszportem-w-rku-101460025888785\\\/\"],\"url\":\"https:\\\/\\\/zpaszportemwreku.com\\\/?author=2\"}]}<\/script>\n<!-- \/ Yoast SEO plugin. -->","yoast_head_json":{"title":"Bo\u015bnia i Hercegowina - Sarajewo - Z paszportem w r\u0119ku","description":"Z paszportem w r\u0119ku to blog po\u015bwi\u0119cony podr\u00f3\u017com - tym ma\u0142ym i du\u017cym. Opisy wyjazd\u00f3w, podpowiedzi i wskaz\u00f3wki do\u015bwiadczonego Podr\u00f3\u017cnika.","robots":{"index":"index","follow":"follow","max-snippet":"max-snippet:-1","max-image-preview":"max-image-preview:large","max-video-preview":"max-video-preview:-1"},"canonical":"https:\/\/zpaszportemwreku.com\/?p=540","og_locale":"pl_PL","og_type":"article","og_title":"Bo\u015bnia i Hercegowina - Sarajewo - Z paszportem w r\u0119ku","og_description":"Z paszportem w r\u0119ku to blog po\u015bwi\u0119cony podr\u00f3\u017com - tym ma\u0142ym i du\u017cym. Opisy wyjazd\u00f3w, podpowiedzi i wskaz\u00f3wki do\u015bwiadczonego Podr\u00f3\u017cnika.","og_url":"https:\/\/zpaszportemwreku.com\/?p=540","og_site_name":"Z paszportem w r\u0119ku","article_publisher":"https:\/\/www.facebook.com\/Z-paszportem-w-rku-101460025888785\/","article_author":"https:\/\/www.facebook.com\/Z-paszportem-w-rku-101460025888785\/","article_published_time":"2022-06-10T13:30:56+00:00","article_modified_time":"2022-06-10T16:04:07+00:00","og_image":[{"width":299,"height":240,"url":"https:\/\/zpaszportemwreku.com\/wp-content\/uploads\/2022\/06\/Bosnia-i-Hercegowina-Sarajewo-e1654867850461.jpg","type":"image\/jpeg"}],"author":"Podr\u00f3\u017cnik","twitter_card":"summary_large_image","twitter_misc":{"Napisane przez":"Podr\u00f3\u017cnik","Szacowany czas czytania":"11 minut"},"schema":{"@context":"https:\/\/schema.org","@graph":[{"@type":"Article","@id":"https:\/\/zpaszportemwreku.com\/?p=540#article","isPartOf":{"@id":"https:\/\/zpaszportemwreku.com\/?p=540"},"author":{"name":"Podr\u00f3\u017cnik","@id":"https:\/\/zpaszportemwreku.com\/#\/schema\/person\/41ad224ab9af56eaf73d867a848cba43"},"headline":"Bo\u015bnia i Hercegowina &#8211; Sarajewo","datePublished":"2022-06-10T13:30:56+00:00","dateModified":"2022-06-10T16:04:07+00:00","mainEntityOfPage":{"@id":"https:\/\/zpaszportemwreku.com\/?p=540"},"wordCount":1031,"publisher":{"@id":"https:\/\/zpaszportemwreku.com\/#\/schema\/person\/41ad224ab9af56eaf73d867a848cba43"},"image":{"@id":"https:\/\/zpaszportemwreku.com\/?p=540#primaryimage"},"thumbnailUrl":"https:\/\/zpaszportemwreku.com\/wp-content\/uploads\/2022\/06\/Bosnia-i-Hercegowina-Sarajewo-e1654867850461.jpg","keywords":["Bascarsija","Bo\u015bnia","Bo\u015bnia i Hercegowina","meczet","Most \u0141aci\u0144ski","rynek turecki","Sarajewo","stare miasto","stolica","studnia Sebilj","wieczny p\u0142omie\u0144"],"articleSection":["2019","Bo\u015bnia i Hercegowina","City Break","Europa"],"inLanguage":"pl-PL"},{"@type":"WebPage","@id":"https:\/\/zpaszportemwreku.com\/?p=540","url":"https:\/\/zpaszportemwreku.com\/?p=540","name":"Bo\u015bnia i Hercegowina - Sarajewo - Z paszportem w r\u0119ku","isPartOf":{"@id":"https:\/\/zpaszportemwreku.com\/#website"},"primaryImageOfPage":{"@id":"https:\/\/zpaszportemwreku.com\/?p=540#primaryimage"},"image":{"@id":"https:\/\/zpaszportemwreku.com\/?p=540#primaryimage"},"thumbnailUrl":"https:\/\/zpaszportemwreku.com\/wp-content\/uploads\/2022\/06\/Bosnia-i-Hercegowina-Sarajewo-e1654867850461.jpg","datePublished":"2022-06-10T13:30:56+00:00","dateModified":"2022-06-10T16:04:07+00:00","description":"Z paszportem w r\u0119ku to blog po\u015bwi\u0119cony podr\u00f3\u017com - tym ma\u0142ym i du\u017cym. Opisy wyjazd\u00f3w, podpowiedzi i wskaz\u00f3wki do\u015bwiadczonego Podr\u00f3\u017cnika.","breadcrumb":{"@id":"https:\/\/zpaszportemwreku.com\/?p=540#breadcrumb"},"inLanguage":"pl-PL","potentialAction":[{"@type":"ReadAction","target":["https:\/\/zpaszportemwreku.com\/?p=540"]}]},{"@type":"ImageObject","inLanguage":"pl-PL","@id":"https:\/\/zpaszportemwreku.com\/?p=540#primaryimage","url":"https:\/\/zpaszportemwreku.com\/wp-content\/uploads\/2022\/06\/Bosnia-i-Hercegowina-Sarajewo-e1654867850461.jpg","contentUrl":"https:\/\/zpaszportemwreku.com\/wp-content\/uploads\/2022\/06\/Bosnia-i-Hercegowina-Sarajewo-e1654867850461.jpg","width":299,"height":240},{"@type":"BreadcrumbList","@id":"https:\/\/zpaszportemwreku.com\/?p=540#breadcrumb","itemListElement":[{"@type":"ListItem","position":1,"name":"Home","item":"https:\/\/zpaszportemwreku.com\/"},{"@type":"ListItem","position":2,"name":"Bo\u015bnia i Hercegowina &#8211; Sarajewo"}]},{"@type":"WebSite","@id":"https:\/\/zpaszportemwreku.com\/#website","url":"https:\/\/zpaszportemwreku.com\/","name":"Z paszportem w r\u0119ku","description":"Blog podr\u00f3\u017cnika - informacje, porady, wskaz\u00f3wki","publisher":{"@id":"https:\/\/zpaszportemwreku.com\/#\/schema\/person\/41ad224ab9af56eaf73d867a848cba43"},"potentialAction":[{"@type":"SearchAction","target":{"@type":"EntryPoint","urlTemplate":"https:\/\/zpaszportemwreku.com\/?s={search_term_string}"},"query-input":{"@type":"PropertyValueSpecification","valueRequired":true,"valueName":"search_term_string"}}],"inLanguage":"pl-PL"},{"@type":["Person","Organization"],"@id":"https:\/\/zpaszportemwreku.com\/#\/schema\/person\/41ad224ab9af56eaf73d867a848cba43","name":"Podr\u00f3\u017cnik","image":{"@type":"ImageObject","inLanguage":"pl-PL","@id":"https:\/\/zpaszportemwreku.com\/wp-content\/uploads\/2022\/04\/cropped-logo-01-1.png","url":"https:\/\/zpaszportemwreku.com\/wp-content\/uploads\/2022\/04\/cropped-logo-01-1.png","contentUrl":"https:\/\/zpaszportemwreku.com\/wp-content\/uploads\/2022\/04\/cropped-logo-01-1.png","width":93,"height":90,"caption":"Podr\u00f3\u017cnik"},"logo":{"@id":"https:\/\/zpaszportemwreku.com\/wp-content\/uploads\/2022\/04\/cropped-logo-01-1.png"},"sameAs":["https:\/\/zpaszportemwreku.com\/","https:\/\/www.facebook.com\/Z-paszportem-w-rku-101460025888785\/"],"url":"https:\/\/zpaszportemwreku.com\/?author=2"}]}},"_links":{"self":[{"href":"https:\/\/zpaszportemwreku.com\/index.php?rest_route=\/wp\/v2\/posts\/540","targetHints":{"allow":["GET"]}}],"collection":[{"href":"https:\/\/zpaszportemwreku.com\/index.php?rest_route=\/wp\/v2\/posts"}],"about":[{"href":"https:\/\/zpaszportemwreku.com\/index.php?rest_route=\/wp\/v2\/types\/post"}],"author":[{"embeddable":true,"href":"https:\/\/zpaszportemwreku.com\/index.php?rest_route=\/wp\/v2\/users\/2"}],"replies":[{"embeddable":true,"href":"https:\/\/zpaszportemwreku.com\/index.php?rest_route=%2Fwp%2Fv2%2Fcomments&post=540"}],"version-history":[{"count":4,"href":"https:\/\/zpaszportemwreku.com\/index.php?rest_route=\/wp\/v2\/posts\/540\/revisions"}],"predecessor-version":[{"id":575,"href":"https:\/\/zpaszportemwreku.com\/index.php?rest_route=\/wp\/v2\/posts\/540\/revisions\/575"}],"wp:featuredmedia":[{"embeddable":true,"href":"https:\/\/zpaszportemwreku.com\/index.php?rest_route=\/wp\/v2\/media\/569"}],"wp:attachment":[{"href":"https:\/\/zpaszportemwreku.com\/index.php?rest_route=%2Fwp%2Fv2%2Fmedia&parent=540"}],"wp:term":[{"taxonomy":"category","embeddable":true,"href":"https:\/\/zpaszportemwreku.com\/index.php?rest_route=%2Fwp%2Fv2%2Fcategories&post=540"},{"taxonomy":"post_tag","embeddable":true,"href":"https:\/\/zpaszportemwreku.com\/index.php?rest_route=%2Fwp%2Fv2%2Ftags&post=540"}],"curies":[{"name":"wp","href":"https:\/\/api.w.org\/{rel}","templated":true}]}}