{"id":482,"date":"2022-05-18T22:47:25","date_gmt":"2022-05-18T21:47:25","guid":{"rendered":"https:\/\/zpaszportemwreku.com\/?p=482"},"modified":"2022-05-26T13:36:20","modified_gmt":"2022-05-26T12:36:20","slug":"malta-mdina-sliema-i-relaks","status":"publish","type":"post","link":"https:\/\/zpaszportemwreku.com\/?p=482","title":{"rendered":"Malta &#8211; Mdina, Sliema i relaks&#8230;"},"content":{"rendered":"\n<p>W kolejny dzie\u0144 zwiedzania Malty postanowi\u0142em podr\u00f3\u017cowa\u0107 autobusem. Konkretnie tym znanym, czerwonym, pi\u0119trowym autobusem, kt\u00f3ry zatrzymuje si\u0119 w najwi\u0119kszych atrakcjach danego miasta. Przeje\u017cd\u017ca\u0142em przez miejscowo\u015b\u0107 Mdina, kt\u00f3re znajduj\u0119 si\u0119 w centrum wyspy i jest po\u0142o\u017cone nieco wy\u017cej od pozosta\u0142ych aglomeracji Malty. Otoczone jest murami obronnymi\u00a0 z kt\u00f3rych mo\u017cna podziwia\u0107 panoram\u0119 na ca\u0142\u0105 wysp\u0119. Podobno je\u015bli traficie w dobr\u0105 przejrzysto\u015b\u0107 powietrza mo\u017cecie dostrzec wulkan Etna znajduj\u0105cy si\u0119 na s\u0105siedniej wyspie.\u00a0Mo\u017ce kto\u015b nie pope\u0142ni mojego b\u0142\u0119du i pozwiedza to miasteczko robi\u0105c sobie przystanek podczas zwiedzania. Nast\u0119pnie uda\u0142em si\u0119 do nadmorskiego miasteczka Sliema. Jest to najbardziej zaludnione miasto Malty w kt\u00f3rym \u017cyje 15 000 mieszkanc\u00f3w. S\u0105 tutaj g\u0142\u00f3wnie hotele, centra biznesowe, liczne sklepy i restauracje. Z ciekawych atrakcji to promenada z portem i pi\u0119knym widokiem na Vallett\u0119.<\/p>\n\n\n\n<figure class=\"wp-block-gallery has-nested-images columns-default is-cropped wp-block-gallery-1 is-layout-flex wp-block-gallery-is-layout-flex\">\n<figure class=\"wp-block-image size-large\"><img loading=\"lazy\" decoding=\"async\" width=\"1024\" height=\"683\" data-id=\"489\" src=\"https:\/\/zpaszportemwreku.com\/wp-content\/uploads\/2022\/05\/malta-Sliema-02-1024x683.jpg\" alt=\"\" class=\"wp-image-489\" srcset=\"https:\/\/zpaszportemwreku.com\/wp-content\/uploads\/2022\/05\/malta-Sliema-02-1024x683.jpg 1024w, https:\/\/zpaszportemwreku.com\/wp-content\/uploads\/2022\/05\/malta-Sliema-02-300x200.jpg 300w, https:\/\/zpaszportemwreku.com\/wp-content\/uploads\/2022\/05\/malta-Sliema-02-768x512.jpg 768w, https:\/\/zpaszportemwreku.com\/wp-content\/uploads\/2022\/05\/malta-Sliema-02.jpg 1080w\" sizes=\"auto, (max-width: 1024px) 100vw, 1024px\" \/><\/figure>\n\n\n\n<figure class=\"wp-block-image size-large\"><img loading=\"lazy\" decoding=\"async\" width=\"1024\" height=\"650\" data-id=\"492\" src=\"https:\/\/zpaszportemwreku.com\/wp-content\/uploads\/2022\/05\/malta-Sliema-04-1024x650.jpg\" alt=\"\" class=\"wp-image-492\" srcset=\"https:\/\/zpaszportemwreku.com\/wp-content\/uploads\/2022\/05\/malta-Sliema-04-1024x650.jpg 1024w, https:\/\/zpaszportemwreku.com\/wp-content\/uploads\/2022\/05\/malta-Sliema-04-300x191.jpg 300w, https:\/\/zpaszportemwreku.com\/wp-content\/uploads\/2022\/05\/malta-Sliema-04-768x488.jpg 768w, https:\/\/zpaszportemwreku.com\/wp-content\/uploads\/2022\/05\/malta-Sliema-04.jpg 1080w\" sizes=\"auto, (max-width: 1024px) 100vw, 1024px\" \/><\/figure>\n\n\n\n<figure class=\"wp-block-image size-large\"><img loading=\"lazy\" decoding=\"async\" width=\"1019\" height=\"710\" data-id=\"490\" src=\"https:\/\/zpaszportemwreku.com\/wp-content\/uploads\/2022\/05\/malta-Sliema-03.jpg\" alt=\"\" class=\"wp-image-490\" srcset=\"https:\/\/zpaszportemwreku.com\/wp-content\/uploads\/2022\/05\/malta-Sliema-03.jpg 1019w, https:\/\/zpaszportemwreku.com\/wp-content\/uploads\/2022\/05\/malta-Sliema-03-300x209.jpg 300w, https:\/\/zpaszportemwreku.com\/wp-content\/uploads\/2022\/05\/malta-Sliema-03-768x535.jpg 768w\" sizes=\"auto, (max-width: 1019px) 100vw, 1019px\" \/><\/figure>\n\n\n\n<figure class=\"wp-block-image size-large\"><img loading=\"lazy\" decoding=\"async\" width=\"1024\" height=\"683\" data-id=\"491\" src=\"https:\/\/zpaszportemwreku.com\/wp-content\/uploads\/2022\/05\/malta-Sliema-01-1024x683.jpg\" alt=\"\" class=\"wp-image-491\" srcset=\"https:\/\/zpaszportemwreku.com\/wp-content\/uploads\/2022\/05\/malta-Sliema-01-1024x683.jpg 1024w, https:\/\/zpaszportemwreku.com\/wp-content\/uploads\/2022\/05\/malta-Sliema-01-300x200.jpg 300w, https:\/\/zpaszportemwreku.com\/wp-content\/uploads\/2022\/05\/malta-Sliema-01-768x512.jpg 768w, https:\/\/zpaszportemwreku.com\/wp-content\/uploads\/2022\/05\/malta-Sliema-01.jpg 1080w\" sizes=\"auto, (max-width: 1024px) 100vw, 1024px\" \/><\/figure>\n<\/figure>\n\n\n\n<p>Ostatni dzie\u0144 na Malcie postanowi\u0142em sp\u0119dzi\u0107 spokojnie&#8230; rozkoszowa\u0107 si\u0119 pi\u0119kn\u0105 pogod\u0105, snuj\u0105c si\u0119 po w\u0105ski uliczkach, zajadaj\u0105c si\u0119 lodami i pysznym jedzeniem.<\/p>\n\n\n\n<p>Kto nie by\u0142 na Malcie ten koniecznie musi si\u0119 tam wybra\u0107.<\/p>\n\n\n\n<figure class=\"wp-block-gallery has-nested-images columns-default is-cropped wp-block-gallery-2 is-layout-flex wp-block-gallery-is-layout-flex\">\n<figure class=\"wp-block-image size-large\"><img loading=\"lazy\" decoding=\"async\" width=\"683\" height=\"1024\" data-id=\"484\" src=\"https:\/\/zpaszportemwreku.com\/wp-content\/uploads\/2022\/05\/malta-Valletta-wloczenie-sie-01-683x1024.jpg\" alt=\"\" class=\"wp-image-484\" srcset=\"https:\/\/zpaszportemwreku.com\/wp-content\/uploads\/2022\/05\/malta-Valletta-wloczenie-sie-01-683x1024.jpg 683w, https:\/\/zpaszportemwreku.com\/wp-content\/uploads\/2022\/05\/malta-Valletta-wloczenie-sie-01-200x300.jpg 200w, https:\/\/zpaszportemwreku.com\/wp-content\/uploads\/2022\/05\/malta-Valletta-wloczenie-sie-01-768x1152.jpg 768w, https:\/\/zpaszportemwreku.com\/wp-content\/uploads\/2022\/05\/malta-Valletta-wloczenie-sie-01-1024x1536.jpg 1024w, https:\/\/zpaszportemwreku.com\/wp-content\/uploads\/2022\/05\/malta-Valletta-wloczenie-sie-01.jpg 1080w\" sizes=\"auto, (max-width: 683px) 100vw, 683px\" \/><\/figure>\n\n\n\n<figure class=\"wp-block-image size-large\"><img loading=\"lazy\" decoding=\"async\" width=\"683\" height=\"1024\" data-id=\"486\" src=\"https:\/\/zpaszportemwreku.com\/wp-content\/uploads\/2022\/05\/malta-Valletta-wloczenie-sie-02-683x1024.jpg\" alt=\"\" class=\"wp-image-486\" srcset=\"https:\/\/zpaszportemwreku.com\/wp-content\/uploads\/2022\/05\/malta-Valletta-wloczenie-sie-02-683x1024.jpg 683w, https:\/\/zpaszportemwreku.com\/wp-content\/uploads\/2022\/05\/malta-Valletta-wloczenie-sie-02-200x300.jpg 200w, https:\/\/zpaszportemwreku.com\/wp-content\/uploads\/2022\/05\/malta-Valletta-wloczenie-sie-02-768x1152.jpg 768w, https:\/\/zpaszportemwreku.com\/wp-content\/uploads\/2022\/05\/malta-Valletta-wloczenie-sie-02-1024x1536.jpg 1024w, https:\/\/zpaszportemwreku.com\/wp-content\/uploads\/2022\/05\/malta-Valletta-wloczenie-sie-02.jpg 1080w\" sizes=\"auto, (max-width: 683px) 100vw, 683px\" \/><\/figure>\n\n\n\n<figure class=\"wp-block-image size-large\"><img loading=\"lazy\" decoding=\"async\" width=\"1024\" height=\"683\" data-id=\"485\" src=\"https:\/\/zpaszportemwreku.com\/wp-content\/uploads\/2022\/05\/malta-Valletta-wloczenie-sie-03-1024x683.jpg\" alt=\"\" class=\"wp-image-485\" srcset=\"https:\/\/zpaszportemwreku.com\/wp-content\/uploads\/2022\/05\/malta-Valletta-wloczenie-sie-03-1024x683.jpg 1024w, https:\/\/zpaszportemwreku.com\/wp-content\/uploads\/2022\/05\/malta-Valletta-wloczenie-sie-03-300x200.jpg 300w, https:\/\/zpaszportemwreku.com\/wp-content\/uploads\/2022\/05\/malta-Valletta-wloczenie-sie-03-768x512.jpg 768w, https:\/\/zpaszportemwreku.com\/wp-content\/uploads\/2022\/05\/malta-Valletta-wloczenie-sie-03.jpg 1080w\" sizes=\"auto, (max-width: 1024px) 100vw, 1024px\" \/><\/figure>\n\n\n\n<figure class=\"wp-block-image size-large\"><img loading=\"lazy\" decoding=\"async\" width=\"808\" height=\"570\" data-id=\"483\" src=\"https:\/\/zpaszportemwreku.com\/wp-content\/uploads\/2022\/05\/malta-Valletta-wloczenie-sie-04.jpg\" alt=\"\" class=\"wp-image-483\" srcset=\"https:\/\/zpaszportemwreku.com\/wp-content\/uploads\/2022\/05\/malta-Valletta-wloczenie-sie-04.jpg 808w, https:\/\/zpaszportemwreku.com\/wp-content\/uploads\/2022\/05\/malta-Valletta-wloczenie-sie-04-300x212.jpg 300w, https:\/\/zpaszportemwreku.com\/wp-content\/uploads\/2022\/05\/malta-Valletta-wloczenie-sie-04-768x542.jpg 768w\" sizes=\"auto, (max-width: 808px) 100vw, 808px\" \/><\/figure>\n\n\n\n<figure class=\"wp-block-image size-large\"><img loading=\"lazy\" decoding=\"async\" width=\"683\" height=\"1024\" data-id=\"487\" src=\"https:\/\/zpaszportemwreku.com\/wp-content\/uploads\/2022\/05\/malta-Valletta-wloczenie-sie-05-683x1024.jpg\" alt=\"\" class=\"wp-image-487\" srcset=\"https:\/\/zpaszportemwreku.com\/wp-content\/uploads\/2022\/05\/malta-Valletta-wloczenie-sie-05-683x1024.jpg 683w, https:\/\/zpaszportemwreku.com\/wp-content\/uploads\/2022\/05\/malta-Valletta-wloczenie-sie-05-200x300.jpg 200w, https:\/\/zpaszportemwreku.com\/wp-content\/uploads\/2022\/05\/malta-Valletta-wloczenie-sie-05-768x1152.jpg 768w, https:\/\/zpaszportemwreku.com\/wp-content\/uploads\/2022\/05\/malta-Valletta-wloczenie-sie-05-1024x1536.jpg 1024w, https:\/\/zpaszportemwreku.com\/wp-content\/uploads\/2022\/05\/malta-Valletta-wloczenie-sie-05.jpg 1080w\" sizes=\"auto, (max-width: 683px) 100vw, 683px\" \/><\/figure>\n\n\n\n<figure class=\"wp-block-image size-large\"><img loading=\"lazy\" decoding=\"async\" width=\"683\" height=\"1024\" data-id=\"488\" src=\"https:\/\/zpaszportemwreku.com\/wp-content\/uploads\/2022\/05\/malta-Valletta-wloczenie-sie-06-683x1024.jpg\" alt=\"\" class=\"wp-image-488\" srcset=\"https:\/\/zpaszportemwreku.com\/wp-content\/uploads\/2022\/05\/malta-Valletta-wloczenie-sie-06-683x1024.jpg 683w, https:\/\/zpaszportemwreku.com\/wp-content\/uploads\/2022\/05\/malta-Valletta-wloczenie-sie-06-200x300.jpg 200w, https:\/\/zpaszportemwreku.com\/wp-content\/uploads\/2022\/05\/malta-Valletta-wloczenie-sie-06-768x1152.jpg 768w, https:\/\/zpaszportemwreku.com\/wp-content\/uploads\/2022\/05\/malta-Valletta-wloczenie-sie-06-1024x1536.jpg 1024w, https:\/\/zpaszportemwreku.com\/wp-content\/uploads\/2022\/05\/malta-Valletta-wloczenie-sie-06.jpg 1080w\" sizes=\"auto, (max-width: 683px) 100vw, 683px\" \/><\/figure>\n<\/figure>\n","protected":false},"excerpt":{"rendered":"<p>W kolejny dzie\u0144 zwiedzania Malty postanowi\u0142em podr\u00f3\u017cowa\u0107 autobusem. Konkretnie tym znanym, czerwonym, pi\u0119trowym autobusem, kt\u00f3ry zatrzymuje si\u0119 w najwi\u0119kszych atrakcjach danego miasta. Przeje\u017cd\u017ca\u0142em przez miejscowo\u015b\u0107 Mdina, kt\u00f3re znajduj\u0119 si\u0119 w centrum wyspy i jest po\u0142o\u017cone nieco wy\u017cej od pozosta\u0142ych aglomeracji Malty. Otoczone jest murami obronnymi\u00a0 z kt\u00f3rych mo\u017cna podziwia\u0107 panoram\u0119 na ca\u0142\u0105 wysp\u0119. Podobno je\u015bli [&hellip;]<\/p>\n","protected":false},"author":2,"featured_media":494,"comment_status":"closed","ping_status":"open","sticky":false,"template":"","format":"standard","meta":{"_exactmetrics_skip_tracking":false,"_exactmetrics_sitenote_active":false,"_exactmetrics_sitenote_note":"","_exactmetrics_sitenote_category":0,"footnotes":""},"categories":[143,16,6,144],"tags":[168,146,167,166,158],"class_list":["post-482","post","type-post","status-publish","format-standard","has-post-thumbnail","hentry","category-143","category-city-break","category-europa","category-malta","tag-lody","tag-malta","tag-mdina","tag-sliema","tag-valletta","eq-blocks"],"yoast_head":"<!-- This site is optimized with the Yoast SEO plugin v27.5 - https:\/\/yoast.com\/product\/yoast-seo-wordpress\/ -->\n<title>Malta - Mdina, Sliema i relaks... - Z paszportem w r\u0119ku<\/title>\n<meta name=\"description\" content=\"Z paszportem w r\u0119ku to blog po\u015bwi\u0119cony podr\u00f3\u017com - tym ma\u0142ym i du\u017cym. Opisy wyjazd\u00f3w, podpowiedzi i wskaz\u00f3wki do\u015bwiadczonego Podr\u00f3\u017cnika.\" \/>\n<meta name=\"robots\" content=\"index, follow, max-snippet:-1, max-image-preview:large, max-video-preview:-1\" \/>\n<link rel=\"canonical\" href=\"https:\/\/zpaszportemwreku.com\/?p=482\" \/>\n<meta property=\"og:locale\" content=\"pl_PL\" \/>\n<meta property=\"og:type\" content=\"article\" \/>\n<meta property=\"og:title\" content=\"Malta - Mdina, Sliema i relaks... - Z paszportem w r\u0119ku\" \/>\n<meta property=\"og:description\" content=\"Z paszportem w r\u0119ku to blog po\u015bwi\u0119cony podr\u00f3\u017com - tym ma\u0142ym i du\u017cym. Opisy wyjazd\u00f3w, podpowiedzi i wskaz\u00f3wki do\u015bwiadczonego Podr\u00f3\u017cnika.\" \/>\n<meta property=\"og:url\" content=\"https:\/\/zpaszportemwreku.com\/?p=482\" \/>\n<meta property=\"og:site_name\" content=\"Z paszportem w r\u0119ku\" \/>\n<meta property=\"article:publisher\" content=\"https:\/\/www.facebook.com\/Z-paszportem-w-rku-101460025888785\/\" \/>\n<meta property=\"article:author\" content=\"https:\/\/www.facebook.com\/Z-paszportem-w-rku-101460025888785\/\" \/>\n<meta property=\"article:published_time\" content=\"2022-05-18T21:47:25+00:00\" \/>\n<meta property=\"article:modified_time\" content=\"2022-05-26T12:36:20+00:00\" \/>\n<meta property=\"og:image\" content=\"https:\/\/zpaszportemwreku.com\/wp-content\/uploads\/2022\/05\/Malta-Mdina-e1652910503694.jpg\" \/>\n\t<meta property=\"og:image:width\" content=\"299\" \/>\n\t<meta property=\"og:image:height\" content=\"240\" \/>\n\t<meta property=\"og:image:type\" content=\"image\/jpeg\" \/>\n<meta name=\"author\" content=\"Podr\u00f3\u017cnik\" \/>\n<meta name=\"twitter:card\" content=\"summary_large_image\" \/>\n<meta name=\"twitter:label1\" content=\"Napisane przez\" \/>\n\t<meta name=\"twitter:data1\" content=\"Podr\u00f3\u017cnik\" \/>\n\t<meta name=\"twitter:label2\" content=\"Szacowany czas czytania\" \/>\n\t<meta name=\"twitter:data2\" content=\"3 minuty\" \/>\n<script type=\"application\/ld+json\" class=\"yoast-schema-graph\">{\"@context\":\"https:\\\/\\\/schema.org\",\"@graph\":[{\"@type\":\"Article\",\"@id\":\"https:\\\/\\\/zpaszportemwreku.com\\\/?p=482#article\",\"isPartOf\":{\"@id\":\"https:\\\/\\\/zpaszportemwreku.com\\\/?p=482\"},\"author\":{\"name\":\"Podr\u00f3\u017cnik\",\"@id\":\"https:\\\/\\\/zpaszportemwreku.com\\\/#\\\/schema\\\/person\\\/41ad224ab9af56eaf73d867a848cba43\"},\"headline\":\"Malta &#8211; Mdina, Sliema i relaks&#8230;\",\"datePublished\":\"2022-05-18T21:47:25+00:00\",\"dateModified\":\"2022-05-26T12:36:20+00:00\",\"mainEntityOfPage\":{\"@id\":\"https:\\\/\\\/zpaszportemwreku.com\\\/?p=482\"},\"wordCount\":197,\"publisher\":{\"@id\":\"https:\\\/\\\/zpaszportemwreku.com\\\/#\\\/schema\\\/person\\\/41ad224ab9af56eaf73d867a848cba43\"},\"image\":{\"@id\":\"https:\\\/\\\/zpaszportemwreku.com\\\/?p=482#primaryimage\"},\"thumbnailUrl\":\"https:\\\/\\\/zpaszportemwreku.com\\\/wp-content\\\/uploads\\\/2022\\\/05\\\/Malta-Mdina-e1652910503694.jpg\",\"keywords\":[\"lody\",\"Malta\",\"Mdina\",\"Sliema\",\"Valletta\"],\"articleSection\":[\"2015\",\"City Break\",\"Europa\",\"Malta\"],\"inLanguage\":\"pl-PL\"},{\"@type\":\"WebPage\",\"@id\":\"https:\\\/\\\/zpaszportemwreku.com\\\/?p=482\",\"url\":\"https:\\\/\\\/zpaszportemwreku.com\\\/?p=482\",\"name\":\"Malta - Mdina, Sliema i relaks... - Z paszportem w r\u0119ku\",\"isPartOf\":{\"@id\":\"https:\\\/\\\/zpaszportemwreku.com\\\/#website\"},\"primaryImageOfPage\":{\"@id\":\"https:\\\/\\\/zpaszportemwreku.com\\\/?p=482#primaryimage\"},\"image\":{\"@id\":\"https:\\\/\\\/zpaszportemwreku.com\\\/?p=482#primaryimage\"},\"thumbnailUrl\":\"https:\\\/\\\/zpaszportemwreku.com\\\/wp-content\\\/uploads\\\/2022\\\/05\\\/Malta-Mdina-e1652910503694.jpg\",\"datePublished\":\"2022-05-18T21:47:25+00:00\",\"dateModified\":\"2022-05-26T12:36:20+00:00\",\"description\":\"Z paszportem w r\u0119ku to blog po\u015bwi\u0119cony podr\u00f3\u017com - tym ma\u0142ym i du\u017cym. Opisy wyjazd\u00f3w, podpowiedzi i wskaz\u00f3wki do\u015bwiadczonego Podr\u00f3\u017cnika.\",\"breadcrumb\":{\"@id\":\"https:\\\/\\\/zpaszportemwreku.com\\\/?p=482#breadcrumb\"},\"inLanguage\":\"pl-PL\",\"potentialAction\":[{\"@type\":\"ReadAction\",\"target\":[\"https:\\\/\\\/zpaszportemwreku.com\\\/?p=482\"]}]},{\"@type\":\"ImageObject\",\"inLanguage\":\"pl-PL\",\"@id\":\"https:\\\/\\\/zpaszportemwreku.com\\\/?p=482#primaryimage\",\"url\":\"https:\\\/\\\/zpaszportemwreku.com\\\/wp-content\\\/uploads\\\/2022\\\/05\\\/Malta-Mdina-e1652910503694.jpg\",\"contentUrl\":\"https:\\\/\\\/zpaszportemwreku.com\\\/wp-content\\\/uploads\\\/2022\\\/05\\\/Malta-Mdina-e1652910503694.jpg\",\"width\":299,\"height\":240},{\"@type\":\"BreadcrumbList\",\"@id\":\"https:\\\/\\\/zpaszportemwreku.com\\\/?p=482#breadcrumb\",\"itemListElement\":[{\"@type\":\"ListItem\",\"position\":1,\"name\":\"Home\",\"item\":\"https:\\\/\\\/zpaszportemwreku.com\\\/\"},{\"@type\":\"ListItem\",\"position\":2,\"name\":\"Malta &#8211; Mdina, Sliema i relaks&#8230;\"}]},{\"@type\":\"WebSite\",\"@id\":\"https:\\\/\\\/zpaszportemwreku.com\\\/#website\",\"url\":\"https:\\\/\\\/zpaszportemwreku.com\\\/\",\"name\":\"Z paszportem w r\u0119ku\",\"description\":\"Blog podr\u00f3\u017cnika - informacje, porady, wskaz\u00f3wki\",\"publisher\":{\"@id\":\"https:\\\/\\\/zpaszportemwreku.com\\\/#\\\/schema\\\/person\\\/41ad224ab9af56eaf73d867a848cba43\"},\"potentialAction\":[{\"@type\":\"SearchAction\",\"target\":{\"@type\":\"EntryPoint\",\"urlTemplate\":\"https:\\\/\\\/zpaszportemwreku.com\\\/?s={search_term_string}\"},\"query-input\":{\"@type\":\"PropertyValueSpecification\",\"valueRequired\":true,\"valueName\":\"search_term_string\"}}],\"inLanguage\":\"pl-PL\"},{\"@type\":[\"Person\",\"Organization\"],\"@id\":\"https:\\\/\\\/zpaszportemwreku.com\\\/#\\\/schema\\\/person\\\/41ad224ab9af56eaf73d867a848cba43\",\"name\":\"Podr\u00f3\u017cnik\",\"image\":{\"@type\":\"ImageObject\",\"inLanguage\":\"pl-PL\",\"@id\":\"https:\\\/\\\/zpaszportemwreku.com\\\/wp-content\\\/uploads\\\/2022\\\/04\\\/cropped-logo-01-1.png\",\"url\":\"https:\\\/\\\/zpaszportemwreku.com\\\/wp-content\\\/uploads\\\/2022\\\/04\\\/cropped-logo-01-1.png\",\"contentUrl\":\"https:\\\/\\\/zpaszportemwreku.com\\\/wp-content\\\/uploads\\\/2022\\\/04\\\/cropped-logo-01-1.png\",\"width\":93,\"height\":90,\"caption\":\"Podr\u00f3\u017cnik\"},\"logo\":{\"@id\":\"https:\\\/\\\/zpaszportemwreku.com\\\/wp-content\\\/uploads\\\/2022\\\/04\\\/cropped-logo-01-1.png\"},\"sameAs\":[\"https:\\\/\\\/zpaszportemwreku.com\\\/\",\"https:\\\/\\\/www.facebook.com\\\/Z-paszportem-w-rku-101460025888785\\\/\"],\"url\":\"https:\\\/\\\/zpaszportemwreku.com\\\/?author=2\"}]}<\/script>\n<!-- \/ Yoast SEO plugin. -->","yoast_head_json":{"title":"Malta - Mdina, Sliema i relaks... - Z paszportem w r\u0119ku","description":"Z paszportem w r\u0119ku to blog po\u015bwi\u0119cony podr\u00f3\u017com - tym ma\u0142ym i du\u017cym. Opisy wyjazd\u00f3w, podpowiedzi i wskaz\u00f3wki do\u015bwiadczonego Podr\u00f3\u017cnika.","robots":{"index":"index","follow":"follow","max-snippet":"max-snippet:-1","max-image-preview":"max-image-preview:large","max-video-preview":"max-video-preview:-1"},"canonical":"https:\/\/zpaszportemwreku.com\/?p=482","og_locale":"pl_PL","og_type":"article","og_title":"Malta - Mdina, Sliema i relaks... - Z paszportem w r\u0119ku","og_description":"Z paszportem w r\u0119ku to blog po\u015bwi\u0119cony podr\u00f3\u017com - tym ma\u0142ym i du\u017cym. Opisy wyjazd\u00f3w, podpowiedzi i wskaz\u00f3wki do\u015bwiadczonego Podr\u00f3\u017cnika.","og_url":"https:\/\/zpaszportemwreku.com\/?p=482","og_site_name":"Z paszportem w r\u0119ku","article_publisher":"https:\/\/www.facebook.com\/Z-paszportem-w-rku-101460025888785\/","article_author":"https:\/\/www.facebook.com\/Z-paszportem-w-rku-101460025888785\/","article_published_time":"2022-05-18T21:47:25+00:00","article_modified_time":"2022-05-26T12:36:20+00:00","og_image":[{"width":299,"height":240,"url":"https:\/\/zpaszportemwreku.com\/wp-content\/uploads\/2022\/05\/Malta-Mdina-e1652910503694.jpg","type":"image\/jpeg"}],"author":"Podr\u00f3\u017cnik","twitter_card":"summary_large_image","twitter_misc":{"Napisane przez":"Podr\u00f3\u017cnik","Szacowany czas czytania":"3 minuty"},"schema":{"@context":"https:\/\/schema.org","@graph":[{"@type":"Article","@id":"https:\/\/zpaszportemwreku.com\/?p=482#article","isPartOf":{"@id":"https:\/\/zpaszportemwreku.com\/?p=482"},"author":{"name":"Podr\u00f3\u017cnik","@id":"https:\/\/zpaszportemwreku.com\/#\/schema\/person\/41ad224ab9af56eaf73d867a848cba43"},"headline":"Malta &#8211; Mdina, Sliema i relaks&#8230;","datePublished":"2022-05-18T21:47:25+00:00","dateModified":"2022-05-26T12:36:20+00:00","mainEntityOfPage":{"@id":"https:\/\/zpaszportemwreku.com\/?p=482"},"wordCount":197,"publisher":{"@id":"https:\/\/zpaszportemwreku.com\/#\/schema\/person\/41ad224ab9af56eaf73d867a848cba43"},"image":{"@id":"https:\/\/zpaszportemwreku.com\/?p=482#primaryimage"},"thumbnailUrl":"https:\/\/zpaszportemwreku.com\/wp-content\/uploads\/2022\/05\/Malta-Mdina-e1652910503694.jpg","keywords":["lody","Malta","Mdina","Sliema","Valletta"],"articleSection":["2015","City Break","Europa","Malta"],"inLanguage":"pl-PL"},{"@type":"WebPage","@id":"https:\/\/zpaszportemwreku.com\/?p=482","url":"https:\/\/zpaszportemwreku.com\/?p=482","name":"Malta - Mdina, Sliema i relaks... - Z paszportem w r\u0119ku","isPartOf":{"@id":"https:\/\/zpaszportemwreku.com\/#website"},"primaryImageOfPage":{"@id":"https:\/\/zpaszportemwreku.com\/?p=482#primaryimage"},"image":{"@id":"https:\/\/zpaszportemwreku.com\/?p=482#primaryimage"},"thumbnailUrl":"https:\/\/zpaszportemwreku.com\/wp-content\/uploads\/2022\/05\/Malta-Mdina-e1652910503694.jpg","datePublished":"2022-05-18T21:47:25+00:00","dateModified":"2022-05-26T12:36:20+00:00","description":"Z paszportem w r\u0119ku to blog po\u015bwi\u0119cony podr\u00f3\u017com - tym ma\u0142ym i du\u017cym. Opisy wyjazd\u00f3w, podpowiedzi i wskaz\u00f3wki do\u015bwiadczonego Podr\u00f3\u017cnika.","breadcrumb":{"@id":"https:\/\/zpaszportemwreku.com\/?p=482#breadcrumb"},"inLanguage":"pl-PL","potentialAction":[{"@type":"ReadAction","target":["https:\/\/zpaszportemwreku.com\/?p=482"]}]},{"@type":"ImageObject","inLanguage":"pl-PL","@id":"https:\/\/zpaszportemwreku.com\/?p=482#primaryimage","url":"https:\/\/zpaszportemwreku.com\/wp-content\/uploads\/2022\/05\/Malta-Mdina-e1652910503694.jpg","contentUrl":"https:\/\/zpaszportemwreku.com\/wp-content\/uploads\/2022\/05\/Malta-Mdina-e1652910503694.jpg","width":299,"height":240},{"@type":"BreadcrumbList","@id":"https:\/\/zpaszportemwreku.com\/?p=482#breadcrumb","itemListElement":[{"@type":"ListItem","position":1,"name":"Home","item":"https:\/\/zpaszportemwreku.com\/"},{"@type":"ListItem","position":2,"name":"Malta &#8211; Mdina, Sliema i relaks&#8230;"}]},{"@type":"WebSite","@id":"https:\/\/zpaszportemwreku.com\/#website","url":"https:\/\/zpaszportemwreku.com\/","name":"Z paszportem w r\u0119ku","description":"Blog podr\u00f3\u017cnika - informacje, porady, wskaz\u00f3wki","publisher":{"@id":"https:\/\/zpaszportemwreku.com\/#\/schema\/person\/41ad224ab9af56eaf73d867a848cba43"},"potentialAction":[{"@type":"SearchAction","target":{"@type":"EntryPoint","urlTemplate":"https:\/\/zpaszportemwreku.com\/?s={search_term_string}"},"query-input":{"@type":"PropertyValueSpecification","valueRequired":true,"valueName":"search_term_string"}}],"inLanguage":"pl-PL"},{"@type":["Person","Organization"],"@id":"https:\/\/zpaszportemwreku.com\/#\/schema\/person\/41ad224ab9af56eaf73d867a848cba43","name":"Podr\u00f3\u017cnik","image":{"@type":"ImageObject","inLanguage":"pl-PL","@id":"https:\/\/zpaszportemwreku.com\/wp-content\/uploads\/2022\/04\/cropped-logo-01-1.png","url":"https:\/\/zpaszportemwreku.com\/wp-content\/uploads\/2022\/04\/cropped-logo-01-1.png","contentUrl":"https:\/\/zpaszportemwreku.com\/wp-content\/uploads\/2022\/04\/cropped-logo-01-1.png","width":93,"height":90,"caption":"Podr\u00f3\u017cnik"},"logo":{"@id":"https:\/\/zpaszportemwreku.com\/wp-content\/uploads\/2022\/04\/cropped-logo-01-1.png"},"sameAs":["https:\/\/zpaszportemwreku.com\/","https:\/\/www.facebook.com\/Z-paszportem-w-rku-101460025888785\/"],"url":"https:\/\/zpaszportemwreku.com\/?author=2"}]}},"_links":{"self":[{"href":"https:\/\/zpaszportemwreku.com\/index.php?rest_route=\/wp\/v2\/posts\/482","targetHints":{"allow":["GET"]}}],"collection":[{"href":"https:\/\/zpaszportemwreku.com\/index.php?rest_route=\/wp\/v2\/posts"}],"about":[{"href":"https:\/\/zpaszportemwreku.com\/index.php?rest_route=\/wp\/v2\/types\/post"}],"author":[{"embeddable":true,"href":"https:\/\/zpaszportemwreku.com\/index.php?rest_route=\/wp\/v2\/users\/2"}],"replies":[{"embeddable":true,"href":"https:\/\/zpaszportemwreku.com\/index.php?rest_route=%2Fwp%2Fv2%2Fcomments&post=482"}],"version-history":[{"count":3,"href":"https:\/\/zpaszportemwreku.com\/index.php?rest_route=\/wp\/v2\/posts\/482\/revisions"}],"predecessor-version":[{"id":524,"href":"https:\/\/zpaszportemwreku.com\/index.php?rest_route=\/wp\/v2\/posts\/482\/revisions\/524"}],"wp:featuredmedia":[{"embeddable":true,"href":"https:\/\/zpaszportemwreku.com\/index.php?rest_route=\/wp\/v2\/media\/494"}],"wp:attachment":[{"href":"https:\/\/zpaszportemwreku.com\/index.php?rest_route=%2Fwp%2Fv2%2Fmedia&parent=482"}],"wp:term":[{"taxonomy":"category","embeddable":true,"href":"https:\/\/zpaszportemwreku.com\/index.php?rest_route=%2Fwp%2Fv2%2Fcategories&post=482"},{"taxonomy":"post_tag","embeddable":true,"href":"https:\/\/zpaszportemwreku.com\/index.php?rest_route=%2Fwp%2Fv2%2Ftags&post=482"}],"curies":[{"name":"wp","href":"https:\/\/api.w.org\/{rel}","templated":true}]}}