{"id":359,"date":"2022-05-11T15:08:20","date_gmt":"2022-05-11T14:08:20","guid":{"rendered":"https:\/\/zpaszportemwreku.com\/?p=359"},"modified":"2022-05-11T15:10:11","modified_gmt":"2022-05-11T14:10:11","slug":"wilno-ostra-brama-starowka","status":"publish","type":"post","link":"https:\/\/zpaszportemwreku.com\/?p=359","title":{"rendered":"Wilno &#8211; Ostra Brama, Star\u00f3wka&#8230;"},"content":{"rendered":"\n<p>Punkt pierwszy na mapie zwiedzania to Ostra Brama. To brama, przez kt\u00f3r\u0105 wchodzi si\u0119 na Stare Miasto;  \u015bwietny punkt zaczepienia do dalszego zwiedzania Wilna. Ta atrakcja historyczna to nic innego jak fragment muru obronnego b\u0119d\u0105ca jedyn\u0105 pozosta\u0142o\u015bci\u0105 dawnych fortyfikacji miejskich. Tu\u017c nad bram\u0105 znajduj\u0119 si\u0119 kaplica o tej samej nazwie (kaplica ostrobramska).<\/p>\n\n\n\n<figure class=\"wp-block-gallery has-nested-images columns-default is-cropped wp-block-gallery-1 is-layout-flex wp-block-gallery-is-layout-flex\">\n<figure class=\"wp-block-image size-large\"><img loading=\"lazy\" decoding=\"async\" width=\"768\" height=\"1024\" data-id=\"362\" src=\"https:\/\/zpaszportemwreku.com\/wp-content\/uploads\/2022\/05\/wilno-ostra-brama-01-768x1024.jpg\" alt=\"\" class=\"wp-image-362\" srcset=\"https:\/\/zpaszportemwreku.com\/wp-content\/uploads\/2022\/05\/wilno-ostra-brama-01-768x1024.jpg 768w, https:\/\/zpaszportemwreku.com\/wp-content\/uploads\/2022\/05\/wilno-ostra-brama-01-225x300.jpg 225w, https:\/\/zpaszportemwreku.com\/wp-content\/uploads\/2022\/05\/wilno-ostra-brama-01-1152x1536.jpg 1152w, https:\/\/zpaszportemwreku.com\/wp-content\/uploads\/2022\/05\/wilno-ostra-brama-01.jpg 1512w\" sizes=\"auto, (max-width: 768px) 100vw, 768px\" \/><\/figure>\n\n\n\n<figure class=\"wp-block-image size-large\"><img loading=\"lazy\" decoding=\"async\" width=\"809\" height=\"1024\" data-id=\"361\" src=\"https:\/\/zpaszportemwreku.com\/wp-content\/uploads\/2022\/05\/wilno-ostra-brama-02-809x1024.jpg\" alt=\"\" class=\"wp-image-361\" srcset=\"https:\/\/zpaszportemwreku.com\/wp-content\/uploads\/2022\/05\/wilno-ostra-brama-02-809x1024.jpg 809w, https:\/\/zpaszportemwreku.com\/wp-content\/uploads\/2022\/05\/wilno-ostra-brama-02-237x300.jpg 237w, https:\/\/zpaszportemwreku.com\/wp-content\/uploads\/2022\/05\/wilno-ostra-brama-02-768x972.jpg 768w, https:\/\/zpaszportemwreku.com\/wp-content\/uploads\/2022\/05\/wilno-ostra-brama-02-1214x1536.jpg 1214w, https:\/\/zpaszportemwreku.com\/wp-content\/uploads\/2022\/05\/wilno-ostra-brama-02.jpg 1298w\" sizes=\"auto, (max-width: 809px) 100vw, 809px\" \/><\/figure>\n\n\n\n<figure class=\"wp-block-image size-large\"><img loading=\"lazy\" decoding=\"async\" width=\"1024\" height=\"768\" data-id=\"363\" src=\"https:\/\/zpaszportemwreku.com\/wp-content\/uploads\/2022\/05\/wilno-ostra-brama-03-1024x768.jpg\" alt=\"\" class=\"wp-image-363\" srcset=\"https:\/\/zpaszportemwreku.com\/wp-content\/uploads\/2022\/05\/wilno-ostra-brama-03-1024x768.jpg 1024w, https:\/\/zpaszportemwreku.com\/wp-content\/uploads\/2022\/05\/wilno-ostra-brama-03-300x225.jpg 300w, https:\/\/zpaszportemwreku.com\/wp-content\/uploads\/2022\/05\/wilno-ostra-brama-03-768x576.jpg 768w, https:\/\/zpaszportemwreku.com\/wp-content\/uploads\/2022\/05\/wilno-ostra-brama-03-1536x1152.jpg 1536w, https:\/\/zpaszportemwreku.com\/wp-content\/uploads\/2022\/05\/wilno-ostra-brama-03.jpg 2016w\" sizes=\"auto, (max-width: 1024px) 100vw, 1024px\" \/><\/figure>\n<\/figure>\n\n\n\n<p>Poruszaj\u0105c si\u0119 w g\u0142\u0105b Starego Miasta dotar\u0142em do Placu Ratuszowego. Jest to najstarszy element star\u00f3wki, na kt\u00f3rym w 1387 roku Litwa przyj\u0119\u0142a chrzest, a Wilnu zosta\u0142y nadane prawa Magdeburskie.&nbsp; Pi\u0119knie odrestaurowany plac na kt\u00f3rym znajduj\u0105 si\u0119 Ratusz, fontanna, a tak\u017ce liczne lokalne sklepiki i restauracje gdzie mo\u017cna zrobi\u0107 sobie przerw\u0119 na obiad czy pyszn\u0105 kaw\u0119.<\/p>\n\n\n\n<figure class=\"wp-block-gallery has-nested-images columns-default is-cropped wp-block-gallery-2 is-layout-flex wp-block-gallery-is-layout-flex\">\n<figure class=\"wp-block-image size-large\"><img loading=\"lazy\" decoding=\"async\" width=\"768\" height=\"1024\" data-id=\"368\" src=\"https:\/\/zpaszportemwreku.com\/wp-content\/uploads\/2022\/05\/wilno-plac-ratuszowy-01-768x1024.jpg\" alt=\"\" class=\"wp-image-368\" srcset=\"https:\/\/zpaszportemwreku.com\/wp-content\/uploads\/2022\/05\/wilno-plac-ratuszowy-01-768x1024.jpg 768w, https:\/\/zpaszportemwreku.com\/wp-content\/uploads\/2022\/05\/wilno-plac-ratuszowy-01-225x300.jpg 225w, https:\/\/zpaszportemwreku.com\/wp-content\/uploads\/2022\/05\/wilno-plac-ratuszowy-01-1152x1536.jpg 1152w, https:\/\/zpaszportemwreku.com\/wp-content\/uploads\/2022\/05\/wilno-plac-ratuszowy-01.jpg 1512w\" sizes=\"auto, (max-width: 768px) 100vw, 768px\" \/><\/figure>\n\n\n\n<figure class=\"wp-block-image size-large\"><img loading=\"lazy\" decoding=\"async\" width=\"1024\" height=\"628\" data-id=\"364\" src=\"https:\/\/zpaszportemwreku.com\/wp-content\/uploads\/2022\/05\/wilno-plac-ratuszowy-04-1024x628.jpg\" alt=\"\" class=\"wp-image-364\" srcset=\"https:\/\/zpaszportemwreku.com\/wp-content\/uploads\/2022\/05\/wilno-plac-ratuszowy-04-1024x628.jpg 1024w, https:\/\/zpaszportemwreku.com\/wp-content\/uploads\/2022\/05\/wilno-plac-ratuszowy-04-300x184.jpg 300w, https:\/\/zpaszportemwreku.com\/wp-content\/uploads\/2022\/05\/wilno-plac-ratuszowy-04-768x471.jpg 768w, https:\/\/zpaszportemwreku.com\/wp-content\/uploads\/2022\/05\/wilno-plac-ratuszowy-04-1536x942.jpg 1536w, https:\/\/zpaszportemwreku.com\/wp-content\/uploads\/2022\/05\/wilno-plac-ratuszowy-04.jpg 2016w\" sizes=\"auto, (max-width: 1024px) 100vw, 1024px\" \/><\/figure>\n\n\n\n<figure class=\"wp-block-image size-large\"><img loading=\"lazy\" decoding=\"async\" width=\"1024\" height=\"768\" data-id=\"367\" src=\"https:\/\/zpaszportemwreku.com\/wp-content\/uploads\/2022\/05\/wilno-plac-ratuszowy-03-1024x768.jpg\" alt=\"\" class=\"wp-image-367\" srcset=\"https:\/\/zpaszportemwreku.com\/wp-content\/uploads\/2022\/05\/wilno-plac-ratuszowy-03-1024x768.jpg 1024w, https:\/\/zpaszportemwreku.com\/wp-content\/uploads\/2022\/05\/wilno-plac-ratuszowy-03-300x225.jpg 300w, https:\/\/zpaszportemwreku.com\/wp-content\/uploads\/2022\/05\/wilno-plac-ratuszowy-03-768x576.jpg 768w, https:\/\/zpaszportemwreku.com\/wp-content\/uploads\/2022\/05\/wilno-plac-ratuszowy-03-1536x1152.jpg 1536w, https:\/\/zpaszportemwreku.com\/wp-content\/uploads\/2022\/05\/wilno-plac-ratuszowy-03.jpg 2016w\" sizes=\"auto, (max-width: 1024px) 100vw, 1024px\" \/><\/figure>\n\n\n\n<figure class=\"wp-block-image size-large\"><img loading=\"lazy\" decoding=\"async\" width=\"1024\" height=\"768\" data-id=\"366\" src=\"https:\/\/zpaszportemwreku.com\/wp-content\/uploads\/2022\/05\/wilno-plac-ratuszowy-02-1024x768.jpg\" alt=\"\" class=\"wp-image-366\" srcset=\"https:\/\/zpaszportemwreku.com\/wp-content\/uploads\/2022\/05\/wilno-plac-ratuszowy-02-1024x768.jpg 1024w, https:\/\/zpaszportemwreku.com\/wp-content\/uploads\/2022\/05\/wilno-plac-ratuszowy-02-300x225.jpg 300w, https:\/\/zpaszportemwreku.com\/wp-content\/uploads\/2022\/05\/wilno-plac-ratuszowy-02-768x576.jpg 768w, https:\/\/zpaszportemwreku.com\/wp-content\/uploads\/2022\/05\/wilno-plac-ratuszowy-02-1536x1152.jpg 1536w, https:\/\/zpaszportemwreku.com\/wp-content\/uploads\/2022\/05\/wilno-plac-ratuszowy-02.jpg 2016w\" sizes=\"auto, (max-width: 1024px) 100vw, 1024px\" \/><\/figure>\n\n\n\n<figure class=\"wp-block-image size-large\"><img loading=\"lazy\" decoding=\"async\" width=\"897\" height=\"1024\" data-id=\"365\" src=\"https:\/\/zpaszportemwreku.com\/wp-content\/uploads\/2022\/05\/wilno-plac-ratuszowy-05-897x1024.jpg\" alt=\"\" class=\"wp-image-365\" srcset=\"https:\/\/zpaszportemwreku.com\/wp-content\/uploads\/2022\/05\/wilno-plac-ratuszowy-05-897x1024.jpg 897w, https:\/\/zpaszportemwreku.com\/wp-content\/uploads\/2022\/05\/wilno-plac-ratuszowy-05-263x300.jpg 263w, https:\/\/zpaszportemwreku.com\/wp-content\/uploads\/2022\/05\/wilno-plac-ratuszowy-05-768x876.jpg 768w, https:\/\/zpaszportemwreku.com\/wp-content\/uploads\/2022\/05\/wilno-plac-ratuszowy-05-1346x1536.jpg 1346w, https:\/\/zpaszportemwreku.com\/wp-content\/uploads\/2022\/05\/wilno-plac-ratuszowy-05.jpg 1679w\" sizes=\"auto, (max-width: 897px) 100vw, 897px\" \/><\/figure>\n<\/figure>\n\n\n\n<p>Kolejny punkt zwiedzania to Baszta Giedymina. Baszta zachodnia zamku g\u00f3rnego w Wilnie, kt\u00f3ry wzniesiono&nbsp;w stylu gotyckim na G\u00f3rze Giedymina w 1409 r. W 1419 roku zamek sp\u0142on\u0105\u0142, lecz zosta\u0142 odbudowany.&nbsp; Warto si\u0119 tam wybra\u0107 z jeszcze jednego wzgl\u0119du &#8211; z g\u00f3ry rozpo\u015bciera si\u0119 pi\u0119kna panorama na Wilno.<\/p>\n\n\n\n<figure class=\"wp-block-gallery has-nested-images columns-default is-cropped wp-block-gallery-3 is-layout-flex wp-block-gallery-is-layout-flex\">\n<figure class=\"wp-block-image size-large\"><img loading=\"lazy\" decoding=\"async\" width=\"1024\" height=\"768\" data-id=\"373\" src=\"https:\/\/zpaszportemwreku.com\/wp-content\/uploads\/2022\/05\/wilno-baszta-01-1024x768.jpg\" alt=\"\" class=\"wp-image-373\" srcset=\"https:\/\/zpaszportemwreku.com\/wp-content\/uploads\/2022\/05\/wilno-baszta-01-1024x768.jpg 1024w, https:\/\/zpaszportemwreku.com\/wp-content\/uploads\/2022\/05\/wilno-baszta-01-300x225.jpg 300w, https:\/\/zpaszportemwreku.com\/wp-content\/uploads\/2022\/05\/wilno-baszta-01-768x576.jpg 768w, https:\/\/zpaszportemwreku.com\/wp-content\/uploads\/2022\/05\/wilno-baszta-01-1536x1152.jpg 1536w, https:\/\/zpaszportemwreku.com\/wp-content\/uploads\/2022\/05\/wilno-baszta-01.jpg 2016w\" sizes=\"auto, (max-width: 1024px) 100vw, 1024px\" \/><\/figure>\n\n\n\n<figure class=\"wp-block-image size-large\"><img loading=\"lazy\" decoding=\"async\" width=\"764\" height=\"1024\" data-id=\"371\" src=\"https:\/\/zpaszportemwreku.com\/wp-content\/uploads\/2022\/05\/wilno-baszta-02-764x1024.jpg\" alt=\"\" class=\"wp-image-371\" srcset=\"https:\/\/zpaszportemwreku.com\/wp-content\/uploads\/2022\/05\/wilno-baszta-02-764x1024.jpg 764w, https:\/\/zpaszportemwreku.com\/wp-content\/uploads\/2022\/05\/wilno-baszta-02-224x300.jpg 224w, https:\/\/zpaszportemwreku.com\/wp-content\/uploads\/2022\/05\/wilno-baszta-02-768x1029.jpg 768w, https:\/\/zpaszportemwreku.com\/wp-content\/uploads\/2022\/05\/wilno-baszta-02-1146x1536.jpg 1146w, https:\/\/zpaszportemwreku.com\/wp-content\/uploads\/2022\/05\/wilno-baszta-02.jpg 1504w\" sizes=\"auto, (max-width: 764px) 100vw, 764px\" \/><\/figure>\n\n\n\n<figure class=\"wp-block-image size-large\"><img loading=\"lazy\" decoding=\"async\" width=\"1024\" height=\"768\" data-id=\"369\" src=\"https:\/\/zpaszportemwreku.com\/wp-content\/uploads\/2022\/05\/wilno-baszta-03-1024x768.jpg\" alt=\"\" class=\"wp-image-369\" srcset=\"https:\/\/zpaszportemwreku.com\/wp-content\/uploads\/2022\/05\/wilno-baszta-03-1024x768.jpg 1024w, https:\/\/zpaszportemwreku.com\/wp-content\/uploads\/2022\/05\/wilno-baszta-03-300x225.jpg 300w, https:\/\/zpaszportemwreku.com\/wp-content\/uploads\/2022\/05\/wilno-baszta-03-768x576.jpg 768w, https:\/\/zpaszportemwreku.com\/wp-content\/uploads\/2022\/05\/wilno-baszta-03-1536x1152.jpg 1536w, https:\/\/zpaszportemwreku.com\/wp-content\/uploads\/2022\/05\/wilno-baszta-03.jpg 2000w\" sizes=\"auto, (max-width: 1024px) 100vw, 1024px\" \/><\/figure>\n\n\n\n<figure class=\"wp-block-image size-large\"><img loading=\"lazy\" decoding=\"async\" width=\"768\" height=\"1024\" data-id=\"372\" src=\"https:\/\/zpaszportemwreku.com\/wp-content\/uploads\/2022\/05\/wilno-baszta-04-768x1024.jpg\" alt=\"\" class=\"wp-image-372\" srcset=\"https:\/\/zpaszportemwreku.com\/wp-content\/uploads\/2022\/05\/wilno-baszta-04-768x1024.jpg 768w, https:\/\/zpaszportemwreku.com\/wp-content\/uploads\/2022\/05\/wilno-baszta-04-225x300.jpg 225w, https:\/\/zpaszportemwreku.com\/wp-content\/uploads\/2022\/05\/wilno-baszta-04-1152x1536.jpg 1152w, https:\/\/zpaszportemwreku.com\/wp-content\/uploads\/2022\/05\/wilno-baszta-04.jpg 1512w\" sizes=\"auto, (max-width: 768px) 100vw, 768px\" \/><\/figure>\n\n\n\n<figure class=\"wp-block-image size-large\"><img loading=\"lazy\" decoding=\"async\" width=\"1024\" height=\"768\" data-id=\"370\" src=\"https:\/\/zpaszportemwreku.com\/wp-content\/uploads\/2022\/05\/wilno-baszta-05-1024x768.jpg\" alt=\"\" class=\"wp-image-370\" srcset=\"https:\/\/zpaszportemwreku.com\/wp-content\/uploads\/2022\/05\/wilno-baszta-05-1024x768.jpg 1024w, https:\/\/zpaszportemwreku.com\/wp-content\/uploads\/2022\/05\/wilno-baszta-05-300x225.jpg 300w, https:\/\/zpaszportemwreku.com\/wp-content\/uploads\/2022\/05\/wilno-baszta-05-768x576.jpg 768w, https:\/\/zpaszportemwreku.com\/wp-content\/uploads\/2022\/05\/wilno-baszta-05-1536x1152.jpg 1536w, https:\/\/zpaszportemwreku.com\/wp-content\/uploads\/2022\/05\/wilno-baszta-05.jpg 2016w\" sizes=\"auto, (max-width: 1024px) 100vw, 1024px\" \/><\/figure>\n<\/figure>\n\n\n\n<p>Ostatnim punktem zwiedzania pierwszego dnia by\u0142 Pa\u0142ac Prezydencki. Oficjalna rezydencja litewskiej g\u0142owy pa\u0144stwa mieszcz\u0105ca si\u0119 w obr\u0119bie wile\u0144skiej star\u00f3wki.<\/p>\n\n\n\n<figure class=\"wp-block-gallery has-nested-images columns-default is-cropped wp-block-gallery-4 is-layout-flex wp-block-gallery-is-layout-flex\">\n<figure class=\"wp-block-image size-large\"><img loading=\"lazy\" decoding=\"async\" width=\"1024\" height=\"768\" data-id=\"375\" src=\"https:\/\/zpaszportemwreku.com\/wp-content\/uploads\/2022\/05\/wilno-palac-prezydencki-01-1024x768.jpg\" alt=\"\" class=\"wp-image-375\" srcset=\"https:\/\/zpaszportemwreku.com\/wp-content\/uploads\/2022\/05\/wilno-palac-prezydencki-01-1024x768.jpg 1024w, https:\/\/zpaszportemwreku.com\/wp-content\/uploads\/2022\/05\/wilno-palac-prezydencki-01-300x225.jpg 300w, https:\/\/zpaszportemwreku.com\/wp-content\/uploads\/2022\/05\/wilno-palac-prezydencki-01-768x576.jpg 768w, https:\/\/zpaszportemwreku.com\/wp-content\/uploads\/2022\/05\/wilno-palac-prezydencki-01-1536x1152.jpg 1536w, https:\/\/zpaszportemwreku.com\/wp-content\/uploads\/2022\/05\/wilno-palac-prezydencki-01.jpg 2016w\" sizes=\"auto, (max-width: 1024px) 100vw, 1024px\" \/><\/figure>\n\n\n\n<figure class=\"wp-block-image size-large\"><img loading=\"lazy\" decoding=\"async\" width=\"867\" height=\"1024\" data-id=\"374\" src=\"https:\/\/zpaszportemwreku.com\/wp-content\/uploads\/2022\/05\/wilno-palac-prezydencki-02-867x1024.jpg\" alt=\"\" class=\"wp-image-374\" srcset=\"https:\/\/zpaszportemwreku.com\/wp-content\/uploads\/2022\/05\/wilno-palac-prezydencki-02-867x1024.jpg 867w, https:\/\/zpaszportemwreku.com\/wp-content\/uploads\/2022\/05\/wilno-palac-prezydencki-02-254x300.jpg 254w, https:\/\/zpaszportemwreku.com\/wp-content\/uploads\/2022\/05\/wilno-palac-prezydencki-02-768x907.jpg 768w, https:\/\/zpaszportemwreku.com\/wp-content\/uploads\/2022\/05\/wilno-palac-prezydencki-02-1300x1536.jpg 1300w, https:\/\/zpaszportemwreku.com\/wp-content\/uploads\/2022\/05\/wilno-palac-prezydencki-02.jpg 1456w\" sizes=\"auto, (max-width: 867px) 100vw, 867px\" \/><\/figure>\n<\/figure>\n","protected":false},"excerpt":{"rendered":"<p>Punkt pierwszy na mapie zwiedzania to Ostra Brama. To brama, przez kt\u00f3r\u0105 wchodzi si\u0119 na Stare Miasto; \u015bwietny punkt zaczepienia do dalszego zwiedzania Wilna. Ta atrakcja historyczna to nic innego jak fragment muru obronnego b\u0119d\u0105ca jedyn\u0105 pozosta\u0142o\u015bci\u0105 dawnych fortyfikacji miejskich. Tu\u017c nad bram\u0105 znajduj\u0119 si\u0119 kaplica o tej samej nazwie (kaplica ostrobramska). Poruszaj\u0105c si\u0119 w [&hellip;]<\/p>\n","protected":false},"author":2,"featured_media":360,"comment_status":"closed","ping_status":"open","sticky":false,"template":"","format":"standard","meta":{"_exactmetrics_skip_tracking":false,"_exactmetrics_sitenote_active":false,"_exactmetrics_sitenote_note":"","_exactmetrics_sitenote_category":0,"footnotes":""},"categories":[70,16,6,112,111],"tags":[120,118,113,117,123,122,119,114,121],"class_list":["post-359","post","type-post","status-publish","format-standard","has-post-thumbnail","hentry","category-70","category-city-break","category-europa","category-litwa","category-wilno","tag-baszta-giedymina","tag-kaplica","tag-litwa","tag-ostra-brama","tag-palac-prezydencki","tag-panorama","tag-plac-ratuszowy","tag-wilno","tag-zamek","eq-blocks"],"yoast_head":"<!-- This site is optimized with the Yoast SEO plugin v27.5 - https:\/\/yoast.com\/product\/yoast-seo-wordpress\/ -->\n<title>Wilno - Ostra Brama, Star\u00f3wka... - Z paszportem w r\u0119ku<\/title>\n<meta name=\"description\" content=\"Z paszportem w r\u0119ku to blog po\u015bwi\u0119cony podr\u00f3\u017com - tym ma\u0142ym i du\u017cym. Opisy wyjazd\u00f3w, podpowiedzi i wskaz\u00f3wki do\u015bwiadczonego Podr\u00f3\u017cnika.\" \/>\n<meta name=\"robots\" content=\"index, follow, max-snippet:-1, max-image-preview:large, max-video-preview:-1\" \/>\n<link rel=\"canonical\" href=\"https:\/\/zpaszportemwreku.com\/?p=359\" \/>\n<meta property=\"og:locale\" content=\"pl_PL\" \/>\n<meta property=\"og:type\" content=\"article\" \/>\n<meta property=\"og:title\" content=\"Wilno - Ostra Brama, Star\u00f3wka... - Z paszportem w r\u0119ku\" \/>\n<meta property=\"og:description\" content=\"Z paszportem w r\u0119ku to blog po\u015bwi\u0119cony podr\u00f3\u017com - tym ma\u0142ym i du\u017cym. Opisy wyjazd\u00f3w, podpowiedzi i wskaz\u00f3wki do\u015bwiadczonego Podr\u00f3\u017cnika.\" \/>\n<meta property=\"og:url\" content=\"https:\/\/zpaszportemwreku.com\/?p=359\" \/>\n<meta property=\"og:site_name\" content=\"Z paszportem w r\u0119ku\" \/>\n<meta property=\"article:publisher\" content=\"https:\/\/www.facebook.com\/Z-paszportem-w-rku-101460025888785\/\" \/>\n<meta property=\"article:author\" content=\"https:\/\/www.facebook.com\/Z-paszportem-w-rku-101460025888785\/\" \/>\n<meta property=\"article:published_time\" content=\"2022-05-11T14:08:20+00:00\" \/>\n<meta property=\"article:modified_time\" content=\"2022-05-11T14:10:11+00:00\" \/>\n<meta property=\"og:image\" content=\"https:\/\/zpaszportemwreku.com\/wp-content\/uploads\/2022\/05\/Wilno-Ostra-Brama-e1652277444348.jpg\" \/>\n\t<meta property=\"og:image:width\" content=\"299\" \/>\n\t<meta property=\"og:image:height\" content=\"240\" \/>\n\t<meta property=\"og:image:type\" content=\"image\/jpeg\" \/>\n<meta name=\"author\" content=\"Podr\u00f3\u017cnik\" \/>\n<meta name=\"twitter:card\" content=\"summary_large_image\" \/>\n<meta name=\"twitter:label1\" content=\"Napisane przez\" \/>\n\t<meta name=\"twitter:data1\" content=\"Podr\u00f3\u017cnik\" \/>\n\t<meta name=\"twitter:label2\" content=\"Szacowany czas czytania\" \/>\n\t<meta name=\"twitter:data2\" content=\"5 minut\" \/>\n<script type=\"application\/ld+json\" class=\"yoast-schema-graph\">{\"@context\":\"https:\\\/\\\/schema.org\",\"@graph\":[{\"@type\":\"Article\",\"@id\":\"https:\\\/\\\/zpaszportemwreku.com\\\/?p=359#article\",\"isPartOf\":{\"@id\":\"https:\\\/\\\/zpaszportemwreku.com\\\/?p=359\"},\"author\":{\"name\":\"Podr\u00f3\u017cnik\",\"@id\":\"https:\\\/\\\/zpaszportemwreku.com\\\/#\\\/schema\\\/person\\\/41ad224ab9af56eaf73d867a848cba43\"},\"headline\":\"Wilno &#8211; Ostra Brama, Star\u00f3wka&#8230;\",\"datePublished\":\"2022-05-11T14:08:20+00:00\",\"dateModified\":\"2022-05-11T14:10:11+00:00\",\"mainEntityOfPage\":{\"@id\":\"https:\\\/\\\/zpaszportemwreku.com\\\/?p=359\"},\"wordCount\":211,\"publisher\":{\"@id\":\"https:\\\/\\\/zpaszportemwreku.com\\\/#\\\/schema\\\/person\\\/41ad224ab9af56eaf73d867a848cba43\"},\"image\":{\"@id\":\"https:\\\/\\\/zpaszportemwreku.com\\\/?p=359#primaryimage\"},\"thumbnailUrl\":\"https:\\\/\\\/zpaszportemwreku.com\\\/wp-content\\\/uploads\\\/2022\\\/05\\\/Wilno-Ostra-Brama-e1652277444348.jpg\",\"keywords\":[\"Baszta Giedymina\",\"kaplica\",\"Litwa\",\"Ostra Brama\",\"Pa\u0142ac Prezydencki\",\"panorama\",\"Plac Ratuszowy\",\"Wilno\",\"zamek\"],\"articleSection\":[\"2021\",\"City Break\",\"Europa\",\"Litwa\",\"Wilno\"],\"inLanguage\":\"pl-PL\"},{\"@type\":\"WebPage\",\"@id\":\"https:\\\/\\\/zpaszportemwreku.com\\\/?p=359\",\"url\":\"https:\\\/\\\/zpaszportemwreku.com\\\/?p=359\",\"name\":\"Wilno - Ostra Brama, Star\u00f3wka... - Z paszportem w r\u0119ku\",\"isPartOf\":{\"@id\":\"https:\\\/\\\/zpaszportemwreku.com\\\/#website\"},\"primaryImageOfPage\":{\"@id\":\"https:\\\/\\\/zpaszportemwreku.com\\\/?p=359#primaryimage\"},\"image\":{\"@id\":\"https:\\\/\\\/zpaszportemwreku.com\\\/?p=359#primaryimage\"},\"thumbnailUrl\":\"https:\\\/\\\/zpaszportemwreku.com\\\/wp-content\\\/uploads\\\/2022\\\/05\\\/Wilno-Ostra-Brama-e1652277444348.jpg\",\"datePublished\":\"2022-05-11T14:08:20+00:00\",\"dateModified\":\"2022-05-11T14:10:11+00:00\",\"description\":\"Z paszportem w r\u0119ku to blog po\u015bwi\u0119cony podr\u00f3\u017com - tym ma\u0142ym i du\u017cym. Opisy wyjazd\u00f3w, podpowiedzi i wskaz\u00f3wki do\u015bwiadczonego Podr\u00f3\u017cnika.\",\"breadcrumb\":{\"@id\":\"https:\\\/\\\/zpaszportemwreku.com\\\/?p=359#breadcrumb\"},\"inLanguage\":\"pl-PL\",\"potentialAction\":[{\"@type\":\"ReadAction\",\"target\":[\"https:\\\/\\\/zpaszportemwreku.com\\\/?p=359\"]}]},{\"@type\":\"ImageObject\",\"inLanguage\":\"pl-PL\",\"@id\":\"https:\\\/\\\/zpaszportemwreku.com\\\/?p=359#primaryimage\",\"url\":\"https:\\\/\\\/zpaszportemwreku.com\\\/wp-content\\\/uploads\\\/2022\\\/05\\\/Wilno-Ostra-Brama-e1652277444348.jpg\",\"contentUrl\":\"https:\\\/\\\/zpaszportemwreku.com\\\/wp-content\\\/uploads\\\/2022\\\/05\\\/Wilno-Ostra-Brama-e1652277444348.jpg\",\"width\":299,\"height\":240},{\"@type\":\"BreadcrumbList\",\"@id\":\"https:\\\/\\\/zpaszportemwreku.com\\\/?p=359#breadcrumb\",\"itemListElement\":[{\"@type\":\"ListItem\",\"position\":1,\"name\":\"Home\",\"item\":\"https:\\\/\\\/zpaszportemwreku.com\\\/\"},{\"@type\":\"ListItem\",\"position\":2,\"name\":\"Wilno &#8211; Ostra Brama, Star\u00f3wka&#8230;\"}]},{\"@type\":\"WebSite\",\"@id\":\"https:\\\/\\\/zpaszportemwreku.com\\\/#website\",\"url\":\"https:\\\/\\\/zpaszportemwreku.com\\\/\",\"name\":\"Z paszportem w r\u0119ku\",\"description\":\"Blog podr\u00f3\u017cnika - informacje, porady, wskaz\u00f3wki\",\"publisher\":{\"@id\":\"https:\\\/\\\/zpaszportemwreku.com\\\/#\\\/schema\\\/person\\\/41ad224ab9af56eaf73d867a848cba43\"},\"potentialAction\":[{\"@type\":\"SearchAction\",\"target\":{\"@type\":\"EntryPoint\",\"urlTemplate\":\"https:\\\/\\\/zpaszportemwreku.com\\\/?s={search_term_string}\"},\"query-input\":{\"@type\":\"PropertyValueSpecification\",\"valueRequired\":true,\"valueName\":\"search_term_string\"}}],\"inLanguage\":\"pl-PL\"},{\"@type\":[\"Person\",\"Organization\"],\"@id\":\"https:\\\/\\\/zpaszportemwreku.com\\\/#\\\/schema\\\/person\\\/41ad224ab9af56eaf73d867a848cba43\",\"name\":\"Podr\u00f3\u017cnik\",\"image\":{\"@type\":\"ImageObject\",\"inLanguage\":\"pl-PL\",\"@id\":\"https:\\\/\\\/zpaszportemwreku.com\\\/wp-content\\\/uploads\\\/2022\\\/04\\\/cropped-logo-01-1.png\",\"url\":\"https:\\\/\\\/zpaszportemwreku.com\\\/wp-content\\\/uploads\\\/2022\\\/04\\\/cropped-logo-01-1.png\",\"contentUrl\":\"https:\\\/\\\/zpaszportemwreku.com\\\/wp-content\\\/uploads\\\/2022\\\/04\\\/cropped-logo-01-1.png\",\"width\":93,\"height\":90,\"caption\":\"Podr\u00f3\u017cnik\"},\"logo\":{\"@id\":\"https:\\\/\\\/zpaszportemwreku.com\\\/wp-content\\\/uploads\\\/2022\\\/04\\\/cropped-logo-01-1.png\"},\"sameAs\":[\"https:\\\/\\\/zpaszportemwreku.com\\\/\",\"https:\\\/\\\/www.facebook.com\\\/Z-paszportem-w-rku-101460025888785\\\/\"],\"url\":\"https:\\\/\\\/zpaszportemwreku.com\\\/?author=2\"}]}<\/script>\n<!-- \/ Yoast SEO plugin. -->","yoast_head_json":{"title":"Wilno - Ostra Brama, Star\u00f3wka... - Z paszportem w r\u0119ku","description":"Z paszportem w r\u0119ku to blog po\u015bwi\u0119cony podr\u00f3\u017com - tym ma\u0142ym i du\u017cym. Opisy wyjazd\u00f3w, podpowiedzi i wskaz\u00f3wki do\u015bwiadczonego Podr\u00f3\u017cnika.","robots":{"index":"index","follow":"follow","max-snippet":"max-snippet:-1","max-image-preview":"max-image-preview:large","max-video-preview":"max-video-preview:-1"},"canonical":"https:\/\/zpaszportemwreku.com\/?p=359","og_locale":"pl_PL","og_type":"article","og_title":"Wilno - Ostra Brama, Star\u00f3wka... - Z paszportem w r\u0119ku","og_description":"Z paszportem w r\u0119ku to blog po\u015bwi\u0119cony podr\u00f3\u017com - tym ma\u0142ym i du\u017cym. Opisy wyjazd\u00f3w, podpowiedzi i wskaz\u00f3wki do\u015bwiadczonego Podr\u00f3\u017cnika.","og_url":"https:\/\/zpaszportemwreku.com\/?p=359","og_site_name":"Z paszportem w r\u0119ku","article_publisher":"https:\/\/www.facebook.com\/Z-paszportem-w-rku-101460025888785\/","article_author":"https:\/\/www.facebook.com\/Z-paszportem-w-rku-101460025888785\/","article_published_time":"2022-05-11T14:08:20+00:00","article_modified_time":"2022-05-11T14:10:11+00:00","og_image":[{"width":299,"height":240,"url":"https:\/\/zpaszportemwreku.com\/wp-content\/uploads\/2022\/05\/Wilno-Ostra-Brama-e1652277444348.jpg","type":"image\/jpeg"}],"author":"Podr\u00f3\u017cnik","twitter_card":"summary_large_image","twitter_misc":{"Napisane przez":"Podr\u00f3\u017cnik","Szacowany czas czytania":"5 minut"},"schema":{"@context":"https:\/\/schema.org","@graph":[{"@type":"Article","@id":"https:\/\/zpaszportemwreku.com\/?p=359#article","isPartOf":{"@id":"https:\/\/zpaszportemwreku.com\/?p=359"},"author":{"name":"Podr\u00f3\u017cnik","@id":"https:\/\/zpaszportemwreku.com\/#\/schema\/person\/41ad224ab9af56eaf73d867a848cba43"},"headline":"Wilno &#8211; Ostra Brama, Star\u00f3wka&#8230;","datePublished":"2022-05-11T14:08:20+00:00","dateModified":"2022-05-11T14:10:11+00:00","mainEntityOfPage":{"@id":"https:\/\/zpaszportemwreku.com\/?p=359"},"wordCount":211,"publisher":{"@id":"https:\/\/zpaszportemwreku.com\/#\/schema\/person\/41ad224ab9af56eaf73d867a848cba43"},"image":{"@id":"https:\/\/zpaszportemwreku.com\/?p=359#primaryimage"},"thumbnailUrl":"https:\/\/zpaszportemwreku.com\/wp-content\/uploads\/2022\/05\/Wilno-Ostra-Brama-e1652277444348.jpg","keywords":["Baszta Giedymina","kaplica","Litwa","Ostra Brama","Pa\u0142ac Prezydencki","panorama","Plac Ratuszowy","Wilno","zamek"],"articleSection":["2021","City Break","Europa","Litwa","Wilno"],"inLanguage":"pl-PL"},{"@type":"WebPage","@id":"https:\/\/zpaszportemwreku.com\/?p=359","url":"https:\/\/zpaszportemwreku.com\/?p=359","name":"Wilno - Ostra Brama, Star\u00f3wka... - Z paszportem w r\u0119ku","isPartOf":{"@id":"https:\/\/zpaszportemwreku.com\/#website"},"primaryImageOfPage":{"@id":"https:\/\/zpaszportemwreku.com\/?p=359#primaryimage"},"image":{"@id":"https:\/\/zpaszportemwreku.com\/?p=359#primaryimage"},"thumbnailUrl":"https:\/\/zpaszportemwreku.com\/wp-content\/uploads\/2022\/05\/Wilno-Ostra-Brama-e1652277444348.jpg","datePublished":"2022-05-11T14:08:20+00:00","dateModified":"2022-05-11T14:10:11+00:00","description":"Z paszportem w r\u0119ku to blog po\u015bwi\u0119cony podr\u00f3\u017com - tym ma\u0142ym i du\u017cym. Opisy wyjazd\u00f3w, podpowiedzi i wskaz\u00f3wki do\u015bwiadczonego Podr\u00f3\u017cnika.","breadcrumb":{"@id":"https:\/\/zpaszportemwreku.com\/?p=359#breadcrumb"},"inLanguage":"pl-PL","potentialAction":[{"@type":"ReadAction","target":["https:\/\/zpaszportemwreku.com\/?p=359"]}]},{"@type":"ImageObject","inLanguage":"pl-PL","@id":"https:\/\/zpaszportemwreku.com\/?p=359#primaryimage","url":"https:\/\/zpaszportemwreku.com\/wp-content\/uploads\/2022\/05\/Wilno-Ostra-Brama-e1652277444348.jpg","contentUrl":"https:\/\/zpaszportemwreku.com\/wp-content\/uploads\/2022\/05\/Wilno-Ostra-Brama-e1652277444348.jpg","width":299,"height":240},{"@type":"BreadcrumbList","@id":"https:\/\/zpaszportemwreku.com\/?p=359#breadcrumb","itemListElement":[{"@type":"ListItem","position":1,"name":"Home","item":"https:\/\/zpaszportemwreku.com\/"},{"@type":"ListItem","position":2,"name":"Wilno &#8211; Ostra Brama, Star\u00f3wka&#8230;"}]},{"@type":"WebSite","@id":"https:\/\/zpaszportemwreku.com\/#website","url":"https:\/\/zpaszportemwreku.com\/","name":"Z paszportem w r\u0119ku","description":"Blog podr\u00f3\u017cnika - informacje, porady, wskaz\u00f3wki","publisher":{"@id":"https:\/\/zpaszportemwreku.com\/#\/schema\/person\/41ad224ab9af56eaf73d867a848cba43"},"potentialAction":[{"@type":"SearchAction","target":{"@type":"EntryPoint","urlTemplate":"https:\/\/zpaszportemwreku.com\/?s={search_term_string}"},"query-input":{"@type":"PropertyValueSpecification","valueRequired":true,"valueName":"search_term_string"}}],"inLanguage":"pl-PL"},{"@type":["Person","Organization"],"@id":"https:\/\/zpaszportemwreku.com\/#\/schema\/person\/41ad224ab9af56eaf73d867a848cba43","name":"Podr\u00f3\u017cnik","image":{"@type":"ImageObject","inLanguage":"pl-PL","@id":"https:\/\/zpaszportemwreku.com\/wp-content\/uploads\/2022\/04\/cropped-logo-01-1.png","url":"https:\/\/zpaszportemwreku.com\/wp-content\/uploads\/2022\/04\/cropped-logo-01-1.png","contentUrl":"https:\/\/zpaszportemwreku.com\/wp-content\/uploads\/2022\/04\/cropped-logo-01-1.png","width":93,"height":90,"caption":"Podr\u00f3\u017cnik"},"logo":{"@id":"https:\/\/zpaszportemwreku.com\/wp-content\/uploads\/2022\/04\/cropped-logo-01-1.png"},"sameAs":["https:\/\/zpaszportemwreku.com\/","https:\/\/www.facebook.com\/Z-paszportem-w-rku-101460025888785\/"],"url":"https:\/\/zpaszportemwreku.com\/?author=2"}]}},"_links":{"self":[{"href":"https:\/\/zpaszportemwreku.com\/index.php?rest_route=\/wp\/v2\/posts\/359","targetHints":{"allow":["GET"]}}],"collection":[{"href":"https:\/\/zpaszportemwreku.com\/index.php?rest_route=\/wp\/v2\/posts"}],"about":[{"href":"https:\/\/zpaszportemwreku.com\/index.php?rest_route=\/wp\/v2\/types\/post"}],"author":[{"embeddable":true,"href":"https:\/\/zpaszportemwreku.com\/index.php?rest_route=\/wp\/v2\/users\/2"}],"replies":[{"embeddable":true,"href":"https:\/\/zpaszportemwreku.com\/index.php?rest_route=%2Fwp%2Fv2%2Fcomments&post=359"}],"version-history":[{"count":2,"href":"https:\/\/zpaszportemwreku.com\/index.php?rest_route=\/wp\/v2\/posts\/359\/revisions"}],"predecessor-version":[{"id":378,"href":"https:\/\/zpaszportemwreku.com\/index.php?rest_route=\/wp\/v2\/posts\/359\/revisions\/378"}],"wp:featuredmedia":[{"embeddable":true,"href":"https:\/\/zpaszportemwreku.com\/index.php?rest_route=\/wp\/v2\/media\/360"}],"wp:attachment":[{"href":"https:\/\/zpaszportemwreku.com\/index.php?rest_route=%2Fwp%2Fv2%2Fmedia&parent=359"}],"wp:term":[{"taxonomy":"category","embeddable":true,"href":"https:\/\/zpaszportemwreku.com\/index.php?rest_route=%2Fwp%2Fv2%2Fcategories&post=359"},{"taxonomy":"post_tag","embeddable":true,"href":"https:\/\/zpaszportemwreku.com\/index.php?rest_route=%2Fwp%2Fv2%2Ftags&post=359"}],"curies":[{"name":"wp","href":"https:\/\/api.w.org\/{rel}","templated":true}]}}