{"id":185,"date":"2022-04-23T17:35:40","date_gmt":"2022-04-23T16:35:40","guid":{"rendered":"http:\/\/zpaszportemwreku.com\/?p=185"},"modified":"2022-04-25T16:16:29","modified_gmt":"2022-04-25T15:16:29","slug":"rio-de-janeiro-chrystus-odkupiciel","status":"publish","type":"post","link":"https:\/\/zpaszportemwreku.com\/?p=185","title":{"rendered":"Rio de Janeiro &#8211; Chrystus Odkupiciel, Maracana i&#8230;"},"content":{"rendered":"\n<p>Po b\u0142ogim lenistwie na pla\u017cy i zregenerowaniu si\u0142 po podr\u00f3\u017cy przyszed\u0142 czas na aktywne zwiedzanie. Pierwszym punktem wycieczki by\u0142 nas\u0142ynniejszy pomnik Jezusa Chrystusa (Christ the Redeemer).<\/p>\n\n\n\n<p>Betonowy pomnik wysoko\u015bci 38 m. zbudowany na gorze Corcovado &#8211; g\u00f3ruje nad ca\u0142ym miastem a miejsce zapewnia niesamowite widoki.<\/p>\n\n\n\n<figure class=\"wp-block-gallery has-nested-images columns-default is-cropped wp-block-gallery-1 is-layout-flex wp-block-gallery-is-layout-flex\">\n<figure class=\"wp-block-image size-large\"><img loading=\"lazy\" decoding=\"async\" width=\"1024\" height=\"768\" data-id=\"192\" src=\"http:\/\/zpaszportemwreku.com\/wp-content\/uploads\/2022\/04\/rio-jezus-01-1024x768.jpg\" alt=\"\" class=\"wp-image-192\" srcset=\"https:\/\/zpaszportemwreku.com\/wp-content\/uploads\/2022\/04\/rio-jezus-01-1024x768.jpg 1024w, https:\/\/zpaszportemwreku.com\/wp-content\/uploads\/2022\/04\/rio-jezus-01-300x225.jpg 300w, https:\/\/zpaszportemwreku.com\/wp-content\/uploads\/2022\/04\/rio-jezus-01-768x576.jpg 768w, https:\/\/zpaszportemwreku.com\/wp-content\/uploads\/2022\/04\/rio-jezus-01-1536x1152.jpg 1536w, https:\/\/zpaszportemwreku.com\/wp-content\/uploads\/2022\/04\/rio-jezus-01.jpg 2016w\" sizes=\"auto, (max-width: 1024px) 100vw, 1024px\" \/><\/figure>\n\n\n\n<figure class=\"wp-block-image size-large\"><img loading=\"lazy\" decoding=\"async\" width=\"764\" height=\"1024\" data-id=\"191\" src=\"http:\/\/zpaszportemwreku.com\/wp-content\/uploads\/2022\/04\/rio-jezus-05-764x1024.jpg\" alt=\"\" class=\"wp-image-191\" srcset=\"https:\/\/zpaszportemwreku.com\/wp-content\/uploads\/2022\/04\/rio-jezus-05-764x1024.jpg 764w, https:\/\/zpaszportemwreku.com\/wp-content\/uploads\/2022\/04\/rio-jezus-05-224x300.jpg 224w, https:\/\/zpaszportemwreku.com\/wp-content\/uploads\/2022\/04\/rio-jezus-05-768x1029.jpg 768w, https:\/\/zpaszportemwreku.com\/wp-content\/uploads\/2022\/04\/rio-jezus-05-1146x1536.jpg 1146w, https:\/\/zpaszportemwreku.com\/wp-content\/uploads\/2022\/04\/rio-jezus-05.jpg 1504w\" sizes=\"auto, (max-width: 764px) 100vw, 764px\" \/><\/figure>\n\n\n\n<figure class=\"wp-block-image size-large\"><img loading=\"lazy\" decoding=\"async\" width=\"1024\" height=\"768\" data-id=\"195\" src=\"http:\/\/zpaszportemwreku.com\/wp-content\/uploads\/2022\/04\/rio-jezus-03-1024x768.jpg\" alt=\"\" class=\"wp-image-195\" srcset=\"https:\/\/zpaszportemwreku.com\/wp-content\/uploads\/2022\/04\/rio-jezus-03-1024x768.jpg 1024w, https:\/\/zpaszportemwreku.com\/wp-content\/uploads\/2022\/04\/rio-jezus-03-300x225.jpg 300w, https:\/\/zpaszportemwreku.com\/wp-content\/uploads\/2022\/04\/rio-jezus-03-768x576.jpg 768w, https:\/\/zpaszportemwreku.com\/wp-content\/uploads\/2022\/04\/rio-jezus-03-1536x1152.jpg 1536w, https:\/\/zpaszportemwreku.com\/wp-content\/uploads\/2022\/04\/rio-jezus-03.jpg 2016w\" sizes=\"auto, (max-width: 1024px) 100vw, 1024px\" \/><\/figure>\n\n\n\n<figure class=\"wp-block-image size-large\"><img loading=\"lazy\" decoding=\"async\" width=\"1024\" height=\"768\" data-id=\"194\" src=\"http:\/\/zpaszportemwreku.com\/wp-content\/uploads\/2022\/04\/rio-jezus-02-1024x768.jpg\" alt=\"\" class=\"wp-image-194\" srcset=\"https:\/\/zpaszportemwreku.com\/wp-content\/uploads\/2022\/04\/rio-jezus-02-1024x768.jpg 1024w, https:\/\/zpaszportemwreku.com\/wp-content\/uploads\/2022\/04\/rio-jezus-02-300x225.jpg 300w, https:\/\/zpaszportemwreku.com\/wp-content\/uploads\/2022\/04\/rio-jezus-02-768x576.jpg 768w, https:\/\/zpaszportemwreku.com\/wp-content\/uploads\/2022\/04\/rio-jezus-02-1536x1152.jpg 1536w, https:\/\/zpaszportemwreku.com\/wp-content\/uploads\/2022\/04\/rio-jezus-02.jpg 2016w\" sizes=\"auto, (max-width: 1024px) 100vw, 1024px\" \/><\/figure>\n\n\n\n<figure class=\"wp-block-image size-large\"><img loading=\"lazy\" decoding=\"async\" width=\"764\" height=\"1024\" data-id=\"193\" src=\"http:\/\/zpaszportemwreku.com\/wp-content\/uploads\/2022\/04\/rio-jezus-04-764x1024.jpg\" alt=\"\" class=\"wp-image-193\" srcset=\"https:\/\/zpaszportemwreku.com\/wp-content\/uploads\/2022\/04\/rio-jezus-04-764x1024.jpg 764w, https:\/\/zpaszportemwreku.com\/wp-content\/uploads\/2022\/04\/rio-jezus-04-224x300.jpg 224w, https:\/\/zpaszportemwreku.com\/wp-content\/uploads\/2022\/04\/rio-jezus-04-768x1029.jpg 768w, https:\/\/zpaszportemwreku.com\/wp-content\/uploads\/2022\/04\/rio-jezus-04-1146x1536.jpg 1146w, https:\/\/zpaszportemwreku.com\/wp-content\/uploads\/2022\/04\/rio-jezus-04.jpg 1504w\" sizes=\"auto, (max-width: 764px) 100vw, 764px\" \/><\/figure>\n<\/figure>\n\n\n\n<p>Kolejnym punktem wycieczki by\u0142 najbardziej rozpoznawalny stadion \u015bwiata &#8211; Maracana (oficjalna nazwa to Est\u00e1dio Jornalista M\u00e1rio Filho). Dawniej najwi\u0119kszy stadion \u015bwiata kt\u00f3ry m\u00f3g\u0142 pomie\u015bcic ok 200 tys. kibic\u00f3w. Obecnie, po modernizacji oraz ze wzgl\u0119d\u00f3w bezpiecze\u0144stwa mo\u017ce pomie\u015bci\u0107 ok 80 tys. kibic\u00f3w.<\/p>\n\n\n\n<figure class=\"wp-block-gallery has-nested-images columns-default is-cropped wp-block-gallery-2 is-layout-flex wp-block-gallery-is-layout-flex\">\n<figure class=\"wp-block-image size-large\"><img loading=\"lazy\" decoding=\"async\" width=\"768\" height=\"1024\" data-id=\"196\" src=\"http:\/\/zpaszportemwreku.com\/wp-content\/uploads\/2022\/04\/rio-stadion-02-768x1024.jpg\" alt=\"\" class=\"wp-image-196\" srcset=\"https:\/\/zpaszportemwreku.com\/wp-content\/uploads\/2022\/04\/rio-stadion-02-768x1024.jpg 768w, https:\/\/zpaszportemwreku.com\/wp-content\/uploads\/2022\/04\/rio-stadion-02-225x300.jpg 225w, https:\/\/zpaszportemwreku.com\/wp-content\/uploads\/2022\/04\/rio-stadion-02-1152x1536.jpg 1152w, https:\/\/zpaszportemwreku.com\/wp-content\/uploads\/2022\/04\/rio-stadion-02.jpg 1512w\" sizes=\"auto, (max-width: 768px) 100vw, 768px\" \/><\/figure>\n\n\n\n<figure class=\"wp-block-image size-large\"><img loading=\"lazy\" decoding=\"async\" width=\"1024\" height=\"768\" data-id=\"197\" src=\"http:\/\/zpaszportemwreku.com\/wp-content\/uploads\/2022\/04\/rio-stadion-01-1024x768.jpg\" alt=\"\" class=\"wp-image-197\" srcset=\"https:\/\/zpaszportemwreku.com\/wp-content\/uploads\/2022\/04\/rio-stadion-01-1024x768.jpg 1024w, https:\/\/zpaszportemwreku.com\/wp-content\/uploads\/2022\/04\/rio-stadion-01-300x225.jpg 300w, https:\/\/zpaszportemwreku.com\/wp-content\/uploads\/2022\/04\/rio-stadion-01-768x576.jpg 768w, https:\/\/zpaszportemwreku.com\/wp-content\/uploads\/2022\/04\/rio-stadion-01-1536x1152.jpg 1536w, https:\/\/zpaszportemwreku.com\/wp-content\/uploads\/2022\/04\/rio-stadion-01.jpg 2016w\" sizes=\"auto, (max-width: 1024px) 100vw, 1024px\" \/><\/figure>\n\n\n\n<figure class=\"wp-block-image size-large\"><img loading=\"lazy\" decoding=\"async\" width=\"1024\" height=\"768\" data-id=\"198\" src=\"http:\/\/zpaszportemwreku.com\/wp-content\/uploads\/2022\/04\/rio-stadion-03-1024x768.jpg\" alt=\"\" class=\"wp-image-198\" srcset=\"https:\/\/zpaszportemwreku.com\/wp-content\/uploads\/2022\/04\/rio-stadion-03-1024x768.jpg 1024w, https:\/\/zpaszportemwreku.com\/wp-content\/uploads\/2022\/04\/rio-stadion-03-300x225.jpg 300w, https:\/\/zpaszportemwreku.com\/wp-content\/uploads\/2022\/04\/rio-stadion-03-768x576.jpg 768w, https:\/\/zpaszportemwreku.com\/wp-content\/uploads\/2022\/04\/rio-stadion-03-1536x1152.jpg 1536w, https:\/\/zpaszportemwreku.com\/wp-content\/uploads\/2022\/04\/rio-stadion-03.jpg 2016w\" sizes=\"auto, (max-width: 1024px) 100vw, 1024px\" \/><\/figure>\n<\/figure>\n\n\n\n<p> Po stadionie przyszed\u0142 czas na kolejny punkt wycieczki &#8211; katedr\u0119 \u015bw. Sebastiana (Catedral Metropolitana de S\u00e3o Sebasti\u00e3o). Jest bardzo charakterystyczna ze wzgl\u0119du na swoj\u0105 budow\u0119 &#8211; kszta\u0142t przypomina sto\u017cek lub piramid\u0119. Budowla ma wysoko\u015b\u0107 80 m. i mo\u017ce pomie\u015bci\u0107 20 tys. wiernych, z czego 5 tys. ma miejsca siedz\u0105ce. W \u015brodku znajduj\u0105 si\u0119 cztery pi\u0119kne witra\u017ce.<\/p>\n\n\n\n<figure class=\"wp-block-gallery has-nested-images columns-default is-cropped wp-block-gallery-3 is-layout-flex wp-block-gallery-is-layout-flex\">\n<figure class=\"wp-block-image size-large\"><img loading=\"lazy\" decoding=\"async\" width=\"764\" height=\"1024\" data-id=\"200\" src=\"http:\/\/zpaszportemwreku.com\/wp-content\/uploads\/2022\/04\/rio-katedra-01-764x1024.jpg\" alt=\"\" class=\"wp-image-200\" srcset=\"https:\/\/zpaszportemwreku.com\/wp-content\/uploads\/2022\/04\/rio-katedra-01-764x1024.jpg 764w, https:\/\/zpaszportemwreku.com\/wp-content\/uploads\/2022\/04\/rio-katedra-01-224x300.jpg 224w, https:\/\/zpaszportemwreku.com\/wp-content\/uploads\/2022\/04\/rio-katedra-01-768x1029.jpg 768w, https:\/\/zpaszportemwreku.com\/wp-content\/uploads\/2022\/04\/rio-katedra-01-1146x1536.jpg 1146w, https:\/\/zpaszportemwreku.com\/wp-content\/uploads\/2022\/04\/rio-katedra-01.jpg 1504w\" sizes=\"auto, (max-width: 764px) 100vw, 764px\" \/><\/figure>\n\n\n\n<figure class=\"wp-block-image size-large\"><img loading=\"lazy\" decoding=\"async\" width=\"764\" height=\"1024\" data-id=\"201\" src=\"http:\/\/zpaszportemwreku.com\/wp-content\/uploads\/2022\/04\/rio-katedra-02-764x1024.jpg\" alt=\"\" class=\"wp-image-201\" srcset=\"https:\/\/zpaszportemwreku.com\/wp-content\/uploads\/2022\/04\/rio-katedra-02-764x1024.jpg 764w, https:\/\/zpaszportemwreku.com\/wp-content\/uploads\/2022\/04\/rio-katedra-02-224x300.jpg 224w, https:\/\/zpaszportemwreku.com\/wp-content\/uploads\/2022\/04\/rio-katedra-02-768x1029.jpg 768w, https:\/\/zpaszportemwreku.com\/wp-content\/uploads\/2022\/04\/rio-katedra-02-1146x1536.jpg 1146w, https:\/\/zpaszportemwreku.com\/wp-content\/uploads\/2022\/04\/rio-katedra-02.jpg 1504w\" sizes=\"auto, (max-width: 764px) 100vw, 764px\" \/><\/figure>\n\n\n\n<figure class=\"wp-block-image size-large\"><img loading=\"lazy\" decoding=\"async\" width=\"764\" height=\"1024\" data-id=\"202\" src=\"http:\/\/zpaszportemwreku.com\/wp-content\/uploads\/2022\/04\/rio-katedra-03-764x1024.jpg\" alt=\"\" class=\"wp-image-202\" srcset=\"https:\/\/zpaszportemwreku.com\/wp-content\/uploads\/2022\/04\/rio-katedra-03-764x1024.jpg 764w, https:\/\/zpaszportemwreku.com\/wp-content\/uploads\/2022\/04\/rio-katedra-03-224x300.jpg 224w, https:\/\/zpaszportemwreku.com\/wp-content\/uploads\/2022\/04\/rio-katedra-03-768x1029.jpg 768w, https:\/\/zpaszportemwreku.com\/wp-content\/uploads\/2022\/04\/rio-katedra-03-1146x1536.jpg 1146w, https:\/\/zpaszportemwreku.com\/wp-content\/uploads\/2022\/04\/rio-katedra-03.jpg 1504w\" sizes=\"auto, (max-width: 764px) 100vw, 764px\" \/><\/figure>\n\n\n\n<figure class=\"wp-block-image size-large\"><img loading=\"lazy\" decoding=\"async\" width=\"768\" height=\"1024\" data-id=\"203\" src=\"http:\/\/zpaszportemwreku.com\/wp-content\/uploads\/2022\/04\/rio-katedra-05-768x1024.jpg\" alt=\"\" class=\"wp-image-203\" srcset=\"https:\/\/zpaszportemwreku.com\/wp-content\/uploads\/2022\/04\/rio-katedra-05-768x1024.jpg 768w, https:\/\/zpaszportemwreku.com\/wp-content\/uploads\/2022\/04\/rio-katedra-05-225x300.jpg 225w, https:\/\/zpaszportemwreku.com\/wp-content\/uploads\/2022\/04\/rio-katedra-05-1152x1536.jpg 1152w, https:\/\/zpaszportemwreku.com\/wp-content\/uploads\/2022\/04\/rio-katedra-05.jpg 1512w\" sizes=\"auto, (max-width: 768px) 100vw, 768px\" \/><\/figure>\n\n\n\n<figure class=\"wp-block-image size-large\"><img loading=\"lazy\" decoding=\"async\" width=\"768\" height=\"1024\" data-id=\"204\" src=\"http:\/\/zpaszportemwreku.com\/wp-content\/uploads\/2022\/04\/rio-katedra-04-768x1024.jpg\" alt=\"\" class=\"wp-image-204\" srcset=\"https:\/\/zpaszportemwreku.com\/wp-content\/uploads\/2022\/04\/rio-katedra-04-768x1024.jpg 768w, https:\/\/zpaszportemwreku.com\/wp-content\/uploads\/2022\/04\/rio-katedra-04-225x300.jpg 225w, https:\/\/zpaszportemwreku.com\/wp-content\/uploads\/2022\/04\/rio-katedra-04-1152x1536.jpg 1152w, https:\/\/zpaszportemwreku.com\/wp-content\/uploads\/2022\/04\/rio-katedra-04.jpg 1512w\" sizes=\"auto, (max-width: 768px) 100vw, 768px\" \/><\/figure>\n<\/figure>\n\n\n\n<p>Kolejnym punktem na mapie Rio by\u0142y s\u0142ynne kolorowe schody Selaron (Escadaria Selar\u00f3n), kt\u00f3re znajduj\u0105 si\u0119 w centrum starego miasta. Schody sk\u0142adaj\u0105 si\u0119 z 215 stopni o \u0142\u0105cznej d\u0142ugo\u015bci 125 m. Do ich budowy artysta u\u017cy\u0142 ponad 2 tys. p\u0142ytek z ponad 60 pa\u0144stw. Ca\u0142o\u015b\u0107 robi niesamowite wra\u017cenie.<\/p>\n\n\n\n<figure class=\"wp-block-gallery has-nested-images columns-default is-cropped wp-block-gallery-4 is-layout-flex wp-block-gallery-is-layout-flex\">\n<figure class=\"wp-block-image size-large\"><img loading=\"lazy\" decoding=\"async\" width=\"768\" height=\"1024\" data-id=\"206\" src=\"http:\/\/zpaszportemwreku.com\/wp-content\/uploads\/2022\/04\/rio-schody-01-768x1024.jpg\" alt=\"\" class=\"wp-image-206\" srcset=\"https:\/\/zpaszportemwreku.com\/wp-content\/uploads\/2022\/04\/rio-schody-01-768x1024.jpg 768w, https:\/\/zpaszportemwreku.com\/wp-content\/uploads\/2022\/04\/rio-schody-01-225x300.jpg 225w, https:\/\/zpaszportemwreku.com\/wp-content\/uploads\/2022\/04\/rio-schody-01-1152x1536.jpg 1152w, https:\/\/zpaszportemwreku.com\/wp-content\/uploads\/2022\/04\/rio-schody-01.jpg 1512w\" sizes=\"auto, (max-width: 768px) 100vw, 768px\" \/><\/figure>\n\n\n\n<figure class=\"wp-block-image size-large\"><img loading=\"lazy\" decoding=\"async\" width=\"768\" height=\"1024\" data-id=\"208\" src=\"http:\/\/zpaszportemwreku.com\/wp-content\/uploads\/2022\/04\/rio-schody-02-768x1024.jpg\" alt=\"\" class=\"wp-image-208\" srcset=\"https:\/\/zpaszportemwreku.com\/wp-content\/uploads\/2022\/04\/rio-schody-02-768x1024.jpg 768w, https:\/\/zpaszportemwreku.com\/wp-content\/uploads\/2022\/04\/rio-schody-02-225x300.jpg 225w, https:\/\/zpaszportemwreku.com\/wp-content\/uploads\/2022\/04\/rio-schody-02-1152x1536.jpg 1152w, https:\/\/zpaszportemwreku.com\/wp-content\/uploads\/2022\/04\/rio-schody-02.jpg 1512w\" sizes=\"auto, (max-width: 768px) 100vw, 768px\" \/><\/figure>\n\n\n\n<figure class=\"wp-block-image size-large\"><img loading=\"lazy\" decoding=\"async\" width=\"768\" height=\"1024\" data-id=\"210\" src=\"http:\/\/zpaszportemwreku.com\/wp-content\/uploads\/2022\/04\/rio-schody-03-768x1024.jpg\" alt=\"\" class=\"wp-image-210\" srcset=\"https:\/\/zpaszportemwreku.com\/wp-content\/uploads\/2022\/04\/rio-schody-03-768x1024.jpg 768w, https:\/\/zpaszportemwreku.com\/wp-content\/uploads\/2022\/04\/rio-schody-03-225x300.jpg 225w, https:\/\/zpaszportemwreku.com\/wp-content\/uploads\/2022\/04\/rio-schody-03-1152x1536.jpg 1152w, https:\/\/zpaszportemwreku.com\/wp-content\/uploads\/2022\/04\/rio-schody-03.jpg 1512w\" sizes=\"auto, (max-width: 768px) 100vw, 768px\" \/><\/figure>\n\n\n\n<figure class=\"wp-block-image size-large\"><img loading=\"lazy\" decoding=\"async\" width=\"768\" height=\"1024\" data-id=\"209\" src=\"http:\/\/zpaszportemwreku.com\/wp-content\/uploads\/2022\/04\/rio-schody-04-768x1024.jpg\" alt=\"\" class=\"wp-image-209\" srcset=\"https:\/\/zpaszportemwreku.com\/wp-content\/uploads\/2022\/04\/rio-schody-04-768x1024.jpg 768w, https:\/\/zpaszportemwreku.com\/wp-content\/uploads\/2022\/04\/rio-schody-04-225x300.jpg 225w, https:\/\/zpaszportemwreku.com\/wp-content\/uploads\/2022\/04\/rio-schody-04-1152x1536.jpg 1152w, https:\/\/zpaszportemwreku.com\/wp-content\/uploads\/2022\/04\/rio-schody-04.jpg 1512w\" sizes=\"auto, (max-width: 768px) 100vw, 768px\" \/><\/figure>\n\n\n\n<figure class=\"wp-block-image size-large\"><img loading=\"lazy\" decoding=\"async\" width=\"764\" height=\"1024\" data-id=\"207\" src=\"http:\/\/zpaszportemwreku.com\/wp-content\/uploads\/2022\/04\/rio-schody-05-764x1024.jpg\" alt=\"\" class=\"wp-image-207\" srcset=\"https:\/\/zpaszportemwreku.com\/wp-content\/uploads\/2022\/04\/rio-schody-05-764x1024.jpg 764w, https:\/\/zpaszportemwreku.com\/wp-content\/uploads\/2022\/04\/rio-schody-05-224x300.jpg 224w, https:\/\/zpaszportemwreku.com\/wp-content\/uploads\/2022\/04\/rio-schody-05-768x1029.jpg 768w, https:\/\/zpaszportemwreku.com\/wp-content\/uploads\/2022\/04\/rio-schody-05-1146x1536.jpg 1146w, https:\/\/zpaszportemwreku.com\/wp-content\/uploads\/2022\/04\/rio-schody-05.jpg 1504w\" sizes=\"auto, (max-width: 764px) 100vw, 764px\" \/><\/figure>\n<\/figure>\n\n\n\n<p>Ostatnim punktem pierwszego dnia zwiedzania by\u0142a G\u00f3ra Cukrowa (Sugarloaf Mountain). To wzg\u00f3rze wznosz\u0105ce si\u0119 u wybrze\u017ca oceanu atlantyckiego nad zatok\u0105 Guanabara na wysoko\u015b\u0107 396 m. Na szczyt wje\u017cd\u017ca si\u0119 panoramiczn\u0105 kolejk\u0105 linow\u0105 z jedn\u0105 stacj\u0105 przesiadkow\u0105, z kt\u00f3rego rozci\u0105ga si\u0119 bajeczna panorama na ca\u0142e Rio.<\/p>\n\n\n\n<figure class=\"wp-block-gallery has-nested-images columns-default is-cropped wp-block-gallery-5 is-layout-flex wp-block-gallery-is-layout-flex\">\n<figure class=\"wp-block-image size-large\"><img loading=\"lazy\" decoding=\"async\" width=\"1024\" height=\"675\" data-id=\"211\" src=\"http:\/\/zpaszportemwreku.com\/wp-content\/uploads\/2022\/04\/rio-gora-01-1024x675.jpg\" alt=\"\" class=\"wp-image-211\" srcset=\"https:\/\/zpaszportemwreku.com\/wp-content\/uploads\/2022\/04\/rio-gora-01-1024x675.jpg 1024w, https:\/\/zpaszportemwreku.com\/wp-content\/uploads\/2022\/04\/rio-gora-01-300x198.jpg 300w, https:\/\/zpaszportemwreku.com\/wp-content\/uploads\/2022\/04\/rio-gora-01-768x506.jpg 768w, https:\/\/zpaszportemwreku.com\/wp-content\/uploads\/2022\/04\/rio-gora-01-1536x1013.jpg 1536w, https:\/\/zpaszportemwreku.com\/wp-content\/uploads\/2022\/04\/rio-gora-01.jpg 1997w\" sizes=\"auto, (max-width: 1024px) 100vw, 1024px\" \/><\/figure>\n\n\n\n<figure class=\"wp-block-image size-large\"><img loading=\"lazy\" decoding=\"async\" width=\"1024\" height=\"768\" data-id=\"213\" src=\"http:\/\/zpaszportemwreku.com\/wp-content\/uploads\/2022\/04\/rio-gora-02-1024x768.jpg\" alt=\"\" class=\"wp-image-213\" srcset=\"https:\/\/zpaszportemwreku.com\/wp-content\/uploads\/2022\/04\/rio-gora-02-1024x768.jpg 1024w, https:\/\/zpaszportemwreku.com\/wp-content\/uploads\/2022\/04\/rio-gora-02-300x225.jpg 300w, https:\/\/zpaszportemwreku.com\/wp-content\/uploads\/2022\/04\/rio-gora-02-768x576.jpg 768w, https:\/\/zpaszportemwreku.com\/wp-content\/uploads\/2022\/04\/rio-gora-02-1536x1152.jpg 1536w, https:\/\/zpaszportemwreku.com\/wp-content\/uploads\/2022\/04\/rio-gora-02.jpg 2016w\" sizes=\"auto, (max-width: 1024px) 100vw, 1024px\" \/><\/figure>\n\n\n\n<figure class=\"wp-block-image size-large\"><img loading=\"lazy\" decoding=\"async\" width=\"1024\" height=\"768\" data-id=\"214\" src=\"http:\/\/zpaszportemwreku.com\/wp-content\/uploads\/2022\/04\/rio-gora-03-1024x768.jpg\" alt=\"\" class=\"wp-image-214\" srcset=\"https:\/\/zpaszportemwreku.com\/wp-content\/uploads\/2022\/04\/rio-gora-03-1024x768.jpg 1024w, https:\/\/zpaszportemwreku.com\/wp-content\/uploads\/2022\/04\/rio-gora-03-300x225.jpg 300w, https:\/\/zpaszportemwreku.com\/wp-content\/uploads\/2022\/04\/rio-gora-03-768x576.jpg 768w, https:\/\/zpaszportemwreku.com\/wp-content\/uploads\/2022\/04\/rio-gora-03-1536x1152.jpg 1536w, https:\/\/zpaszportemwreku.com\/wp-content\/uploads\/2022\/04\/rio-gora-03.jpg 2016w\" sizes=\"auto, (max-width: 1024px) 100vw, 1024px\" \/><\/figure>\n\n\n\n<figure class=\"wp-block-image size-large\"><img loading=\"lazy\" decoding=\"async\" width=\"768\" height=\"1024\" data-id=\"215\" src=\"http:\/\/zpaszportemwreku.com\/wp-content\/uploads\/2022\/04\/rio-gora-04-768x1024.jpg\" alt=\"\" class=\"wp-image-215\" srcset=\"https:\/\/zpaszportemwreku.com\/wp-content\/uploads\/2022\/04\/rio-gora-04-768x1024.jpg 768w, https:\/\/zpaszportemwreku.com\/wp-content\/uploads\/2022\/04\/rio-gora-04-225x300.jpg 225w, https:\/\/zpaszportemwreku.com\/wp-content\/uploads\/2022\/04\/rio-gora-04-1152x1536.jpg 1152w, https:\/\/zpaszportemwreku.com\/wp-content\/uploads\/2022\/04\/rio-gora-04.jpg 1512w\" sizes=\"auto, (max-width: 768px) 100vw, 768px\" \/><\/figure>\n\n\n\n<figure class=\"wp-block-image size-large\"><img loading=\"lazy\" decoding=\"async\" width=\"768\" height=\"1024\" data-id=\"212\" src=\"http:\/\/zpaszportemwreku.com\/wp-content\/uploads\/2022\/04\/rio-gora-05-768x1024.jpg\" alt=\"\" class=\"wp-image-212\" srcset=\"https:\/\/zpaszportemwreku.com\/wp-content\/uploads\/2022\/04\/rio-gora-05-768x1024.jpg 768w, https:\/\/zpaszportemwreku.com\/wp-content\/uploads\/2022\/04\/rio-gora-05-225x300.jpg 225w, https:\/\/zpaszportemwreku.com\/wp-content\/uploads\/2022\/04\/rio-gora-05-1152x1536.jpg 1152w, https:\/\/zpaszportemwreku.com\/wp-content\/uploads\/2022\/04\/rio-gora-05.jpg 1512w\" sizes=\"auto, (max-width: 768px) 100vw, 768px\" \/><\/figure>\n<\/figure>\n","protected":false},"excerpt":{"rendered":"<p>Po b\u0142ogim lenistwie na pla\u017cy i zregenerowaniu si\u0142 po podr\u00f3\u017cy przyszed\u0142 czas na aktywne zwiedzanie. Pierwszym punktem wycieczki by\u0142 nas\u0142ynniejszy pomnik Jezusa Chrystusa (Christ the Redeemer). Betonowy pomnik wysoko\u015bci 38 m. zbudowany na gorze Corcovado &#8211; g\u00f3ruje nad ca\u0142ym miastem a miejsce zapewnia niesamowite widoki. Kolejnym punktem wycieczki by\u0142 najbardziej rozpoznawalny stadion \u015bwiata &#8211; Maracana [&hellip;]<\/p>\n","protected":false},"author":2,"featured_media":217,"comment_status":"closed","ping_status":"open","sticky":false,"template":"","format":"standard","meta":{"_exactmetrics_skip_tracking":false,"_exactmetrics_sitenote_active":false,"_exactmetrics_sitenote_note":"","_exactmetrics_sitenote_category":0,"footnotes":""},"categories":[21,11,22,23],"tags":[50,44,39,38,43,47,49,42,51,40,30,32,45,46,41,48],"class_list":["post-185","post","type-post","status-publish","format-standard","has-post-thumbnail","hentry","category-21","category-a-poludniowa","category-brazylia","category-rio-de-janeiro","tag-cable-car","tag-catedral-metropolitana","tag-christ-the-redeemer","tag-chrystus","tag-corcovado","tag-escadaria-selaron","tag-gora-cukrowa","tag-katedra","tag-kolejka-linowa","tag-maracana","tag-rio","tag-rio-de-janeiro","tag-schody","tag-selaron","tag-stadion","tag-sugarloaf","eq-blocks"],"yoast_head":"<!-- This site is optimized with the Yoast SEO plugin v27.5 - https:\/\/yoast.com\/product\/yoast-seo-wordpress\/ -->\n<title>Rio de Janeiro - Chrystus Odkupiciel, Maracana i... - Z paszportem w r\u0119ku<\/title>\n<meta name=\"description\" content=\"Z paszportem w r\u0119ku to blog po\u015bwi\u0119cony podr\u00f3\u017com - tym ma\u0142ym i du\u017cym. Opisy wyjazd\u00f3w, podpowiedzi i wskaz\u00f3wki do\u015bwiadczonego Podr\u00f3\u017cnika.\" \/>\n<meta name=\"robots\" content=\"index, follow, max-snippet:-1, max-image-preview:large, max-video-preview:-1\" \/>\n<link rel=\"canonical\" href=\"https:\/\/zpaszportemwreku.com\/?p=185\" \/>\n<meta property=\"og:locale\" content=\"pl_PL\" \/>\n<meta property=\"og:type\" content=\"article\" \/>\n<meta property=\"og:title\" content=\"Rio de Janeiro - Chrystus Odkupiciel, Maracana i... - Z paszportem w r\u0119ku\" \/>\n<meta property=\"og:description\" content=\"Z paszportem w r\u0119ku to blog po\u015bwi\u0119cony podr\u00f3\u017com - tym ma\u0142ym i du\u017cym. Opisy wyjazd\u00f3w, podpowiedzi i wskaz\u00f3wki do\u015bwiadczonego Podr\u00f3\u017cnika.\" \/>\n<meta property=\"og:url\" content=\"https:\/\/zpaszportemwreku.com\/?p=185\" \/>\n<meta property=\"og:site_name\" content=\"Z paszportem w r\u0119ku\" \/>\n<meta property=\"article:publisher\" content=\"https:\/\/www.facebook.com\/Z-paszportem-w-rku-101460025888785\/\" \/>\n<meta property=\"article:author\" content=\"https:\/\/www.facebook.com\/Z-paszportem-w-rku-101460025888785\/\" \/>\n<meta property=\"article:published_time\" content=\"2022-04-23T16:35:40+00:00\" \/>\n<meta property=\"article:modified_time\" content=\"2022-04-25T15:16:29+00:00\" \/>\n<meta property=\"og:image\" content=\"https:\/\/zpaszportemwreku.com\/wp-content\/uploads\/2022\/04\/Rio-de-Janeiro-Christ-the-Redeemer-e1650731939868.jpg\" \/>\n\t<meta property=\"og:image:width\" content=\"299\" \/>\n\t<meta property=\"og:image:height\" content=\"240\" \/>\n\t<meta property=\"og:image:type\" content=\"image\/jpeg\" \/>\n<meta name=\"author\" content=\"Podr\u00f3\u017cnik\" \/>\n<meta name=\"twitter:card\" content=\"summary_large_image\" \/>\n<meta name=\"twitter:label1\" content=\"Napisane przez\" \/>\n\t<meta name=\"twitter:data1\" content=\"Podr\u00f3\u017cnik\" \/>\n\t<meta name=\"twitter:label2\" content=\"Szacowany czas czytania\" \/>\n\t<meta name=\"twitter:data2\" content=\"6 minut\" \/>\n<script type=\"application\/ld+json\" class=\"yoast-schema-graph\">{\"@context\":\"https:\\\/\\\/schema.org\",\"@graph\":[{\"@type\":\"Article\",\"@id\":\"https:\\\/\\\/zpaszportemwreku.com\\\/?p=185#article\",\"isPartOf\":{\"@id\":\"https:\\\/\\\/zpaszportemwreku.com\\\/?p=185\"},\"author\":{\"name\":\"Podr\u00f3\u017cnik\",\"@id\":\"https:\\\/\\\/zpaszportemwreku.com\\\/#\\\/schema\\\/person\\\/41ad224ab9af56eaf73d867a848cba43\"},\"headline\":\"Rio de Janeiro &#8211; Chrystus Odkupiciel, Maracana i&#8230;\",\"datePublished\":\"2022-04-23T16:35:40+00:00\",\"dateModified\":\"2022-04-25T15:16:29+00:00\",\"mainEntityOfPage\":{\"@id\":\"https:\\\/\\\/zpaszportemwreku.com\\\/?p=185\"},\"wordCount\":283,\"publisher\":{\"@id\":\"https:\\\/\\\/zpaszportemwreku.com\\\/#\\\/schema\\\/person\\\/41ad224ab9af56eaf73d867a848cba43\"},\"image\":{\"@id\":\"https:\\\/\\\/zpaszportemwreku.com\\\/?p=185#primaryimage\"},\"thumbnailUrl\":\"https:\\\/\\\/zpaszportemwreku.com\\\/wp-content\\\/uploads\\\/2022\\\/04\\\/Rio-de-Janeiro-Christ-the-Redeemer-e1650731939868.jpg\",\"keywords\":[\"cable car\",\"Catedral Metropolitana\",\"Christ the Redeemer\",\"Chrystus\",\"Corcovado\",\"Escadaria Selaron\",\"Gora Cukrowa\",\"Katedra\",\"kolejka linowa\",\"Maracana\",\"Rio\",\"Rio de Janeiro\",\"schody\",\"Selaron\",\"Stadion\",\"sugarloaf\"],\"articleSection\":[\"2022\",\"A. Po\u0142udniowa\",\"Brazylia\",\"Rio de Janeiro\"],\"inLanguage\":\"pl-PL\"},{\"@type\":\"WebPage\",\"@id\":\"https:\\\/\\\/zpaszportemwreku.com\\\/?p=185\",\"url\":\"https:\\\/\\\/zpaszportemwreku.com\\\/?p=185\",\"name\":\"Rio de Janeiro - Chrystus Odkupiciel, Maracana i... - Z paszportem w r\u0119ku\",\"isPartOf\":{\"@id\":\"https:\\\/\\\/zpaszportemwreku.com\\\/#website\"},\"primaryImageOfPage\":{\"@id\":\"https:\\\/\\\/zpaszportemwreku.com\\\/?p=185#primaryimage\"},\"image\":{\"@id\":\"https:\\\/\\\/zpaszportemwreku.com\\\/?p=185#primaryimage\"},\"thumbnailUrl\":\"https:\\\/\\\/zpaszportemwreku.com\\\/wp-content\\\/uploads\\\/2022\\\/04\\\/Rio-de-Janeiro-Christ-the-Redeemer-e1650731939868.jpg\",\"datePublished\":\"2022-04-23T16:35:40+00:00\",\"dateModified\":\"2022-04-25T15:16:29+00:00\",\"description\":\"Z paszportem w r\u0119ku to blog po\u015bwi\u0119cony podr\u00f3\u017com - tym ma\u0142ym i du\u017cym. Opisy wyjazd\u00f3w, podpowiedzi i wskaz\u00f3wki do\u015bwiadczonego Podr\u00f3\u017cnika.\",\"breadcrumb\":{\"@id\":\"https:\\\/\\\/zpaszportemwreku.com\\\/?p=185#breadcrumb\"},\"inLanguage\":\"pl-PL\",\"potentialAction\":[{\"@type\":\"ReadAction\",\"target\":[\"https:\\\/\\\/zpaszportemwreku.com\\\/?p=185\"]}]},{\"@type\":\"ImageObject\",\"inLanguage\":\"pl-PL\",\"@id\":\"https:\\\/\\\/zpaszportemwreku.com\\\/?p=185#primaryimage\",\"url\":\"https:\\\/\\\/zpaszportemwreku.com\\\/wp-content\\\/uploads\\\/2022\\\/04\\\/Rio-de-Janeiro-Christ-the-Redeemer-e1650731939868.jpg\",\"contentUrl\":\"https:\\\/\\\/zpaszportemwreku.com\\\/wp-content\\\/uploads\\\/2022\\\/04\\\/Rio-de-Janeiro-Christ-the-Redeemer-e1650731939868.jpg\",\"width\":299,\"height\":240},{\"@type\":\"BreadcrumbList\",\"@id\":\"https:\\\/\\\/zpaszportemwreku.com\\\/?p=185#breadcrumb\",\"itemListElement\":[{\"@type\":\"ListItem\",\"position\":1,\"name\":\"Home\",\"item\":\"https:\\\/\\\/zpaszportemwreku.com\\\/\"},{\"@type\":\"ListItem\",\"position\":2,\"name\":\"Rio de Janeiro &#8211; Chrystus Odkupiciel, Maracana i&#8230;\"}]},{\"@type\":\"WebSite\",\"@id\":\"https:\\\/\\\/zpaszportemwreku.com\\\/#website\",\"url\":\"https:\\\/\\\/zpaszportemwreku.com\\\/\",\"name\":\"Z paszportem w r\u0119ku\",\"description\":\"Blog podr\u00f3\u017cnika - informacje, porady, wskaz\u00f3wki\",\"publisher\":{\"@id\":\"https:\\\/\\\/zpaszportemwreku.com\\\/#\\\/schema\\\/person\\\/41ad224ab9af56eaf73d867a848cba43\"},\"potentialAction\":[{\"@type\":\"SearchAction\",\"target\":{\"@type\":\"EntryPoint\",\"urlTemplate\":\"https:\\\/\\\/zpaszportemwreku.com\\\/?s={search_term_string}\"},\"query-input\":{\"@type\":\"PropertyValueSpecification\",\"valueRequired\":true,\"valueName\":\"search_term_string\"}}],\"inLanguage\":\"pl-PL\"},{\"@type\":[\"Person\",\"Organization\"],\"@id\":\"https:\\\/\\\/zpaszportemwreku.com\\\/#\\\/schema\\\/person\\\/41ad224ab9af56eaf73d867a848cba43\",\"name\":\"Podr\u00f3\u017cnik\",\"image\":{\"@type\":\"ImageObject\",\"inLanguage\":\"pl-PL\",\"@id\":\"https:\\\/\\\/zpaszportemwreku.com\\\/wp-content\\\/uploads\\\/2022\\\/04\\\/cropped-logo-01-1.png\",\"url\":\"https:\\\/\\\/zpaszportemwreku.com\\\/wp-content\\\/uploads\\\/2022\\\/04\\\/cropped-logo-01-1.png\",\"contentUrl\":\"https:\\\/\\\/zpaszportemwreku.com\\\/wp-content\\\/uploads\\\/2022\\\/04\\\/cropped-logo-01-1.png\",\"width\":93,\"height\":90,\"caption\":\"Podr\u00f3\u017cnik\"},\"logo\":{\"@id\":\"https:\\\/\\\/zpaszportemwreku.com\\\/wp-content\\\/uploads\\\/2022\\\/04\\\/cropped-logo-01-1.png\"},\"sameAs\":[\"https:\\\/\\\/zpaszportemwreku.com\\\/\",\"https:\\\/\\\/www.facebook.com\\\/Z-paszportem-w-rku-101460025888785\\\/\"],\"url\":\"https:\\\/\\\/zpaszportemwreku.com\\\/?author=2\"}]}<\/script>\n<!-- \/ Yoast SEO plugin. -->","yoast_head_json":{"title":"Rio de Janeiro - Chrystus Odkupiciel, Maracana i... - Z paszportem w r\u0119ku","description":"Z paszportem w r\u0119ku to blog po\u015bwi\u0119cony podr\u00f3\u017com - tym ma\u0142ym i du\u017cym. Opisy wyjazd\u00f3w, podpowiedzi i wskaz\u00f3wki do\u015bwiadczonego Podr\u00f3\u017cnika.","robots":{"index":"index","follow":"follow","max-snippet":"max-snippet:-1","max-image-preview":"max-image-preview:large","max-video-preview":"max-video-preview:-1"},"canonical":"https:\/\/zpaszportemwreku.com\/?p=185","og_locale":"pl_PL","og_type":"article","og_title":"Rio de Janeiro - Chrystus Odkupiciel, Maracana i... - Z paszportem w r\u0119ku","og_description":"Z paszportem w r\u0119ku to blog po\u015bwi\u0119cony podr\u00f3\u017com - tym ma\u0142ym i du\u017cym. Opisy wyjazd\u00f3w, podpowiedzi i wskaz\u00f3wki do\u015bwiadczonego Podr\u00f3\u017cnika.","og_url":"https:\/\/zpaszportemwreku.com\/?p=185","og_site_name":"Z paszportem w r\u0119ku","article_publisher":"https:\/\/www.facebook.com\/Z-paszportem-w-rku-101460025888785\/","article_author":"https:\/\/www.facebook.com\/Z-paszportem-w-rku-101460025888785\/","article_published_time":"2022-04-23T16:35:40+00:00","article_modified_time":"2022-04-25T15:16:29+00:00","og_image":[{"width":299,"height":240,"url":"https:\/\/zpaszportemwreku.com\/wp-content\/uploads\/2022\/04\/Rio-de-Janeiro-Christ-the-Redeemer-e1650731939868.jpg","type":"image\/jpeg"}],"author":"Podr\u00f3\u017cnik","twitter_card":"summary_large_image","twitter_misc":{"Napisane przez":"Podr\u00f3\u017cnik","Szacowany czas czytania":"6 minut"},"schema":{"@context":"https:\/\/schema.org","@graph":[{"@type":"Article","@id":"https:\/\/zpaszportemwreku.com\/?p=185#article","isPartOf":{"@id":"https:\/\/zpaszportemwreku.com\/?p=185"},"author":{"name":"Podr\u00f3\u017cnik","@id":"https:\/\/zpaszportemwreku.com\/#\/schema\/person\/41ad224ab9af56eaf73d867a848cba43"},"headline":"Rio de Janeiro &#8211; Chrystus Odkupiciel, Maracana i&#8230;","datePublished":"2022-04-23T16:35:40+00:00","dateModified":"2022-04-25T15:16:29+00:00","mainEntityOfPage":{"@id":"https:\/\/zpaszportemwreku.com\/?p=185"},"wordCount":283,"publisher":{"@id":"https:\/\/zpaszportemwreku.com\/#\/schema\/person\/41ad224ab9af56eaf73d867a848cba43"},"image":{"@id":"https:\/\/zpaszportemwreku.com\/?p=185#primaryimage"},"thumbnailUrl":"https:\/\/zpaszportemwreku.com\/wp-content\/uploads\/2022\/04\/Rio-de-Janeiro-Christ-the-Redeemer-e1650731939868.jpg","keywords":["cable car","Catedral Metropolitana","Christ the Redeemer","Chrystus","Corcovado","Escadaria Selaron","Gora Cukrowa","Katedra","kolejka linowa","Maracana","Rio","Rio de Janeiro","schody","Selaron","Stadion","sugarloaf"],"articleSection":["2022","A. Po\u0142udniowa","Brazylia","Rio de Janeiro"],"inLanguage":"pl-PL"},{"@type":"WebPage","@id":"https:\/\/zpaszportemwreku.com\/?p=185","url":"https:\/\/zpaszportemwreku.com\/?p=185","name":"Rio de Janeiro - Chrystus Odkupiciel, Maracana i... - Z paszportem w r\u0119ku","isPartOf":{"@id":"https:\/\/zpaszportemwreku.com\/#website"},"primaryImageOfPage":{"@id":"https:\/\/zpaszportemwreku.com\/?p=185#primaryimage"},"image":{"@id":"https:\/\/zpaszportemwreku.com\/?p=185#primaryimage"},"thumbnailUrl":"https:\/\/zpaszportemwreku.com\/wp-content\/uploads\/2022\/04\/Rio-de-Janeiro-Christ-the-Redeemer-e1650731939868.jpg","datePublished":"2022-04-23T16:35:40+00:00","dateModified":"2022-04-25T15:16:29+00:00","description":"Z paszportem w r\u0119ku to blog po\u015bwi\u0119cony podr\u00f3\u017com - tym ma\u0142ym i du\u017cym. Opisy wyjazd\u00f3w, podpowiedzi i wskaz\u00f3wki do\u015bwiadczonego Podr\u00f3\u017cnika.","breadcrumb":{"@id":"https:\/\/zpaszportemwreku.com\/?p=185#breadcrumb"},"inLanguage":"pl-PL","potentialAction":[{"@type":"ReadAction","target":["https:\/\/zpaszportemwreku.com\/?p=185"]}]},{"@type":"ImageObject","inLanguage":"pl-PL","@id":"https:\/\/zpaszportemwreku.com\/?p=185#primaryimage","url":"https:\/\/zpaszportemwreku.com\/wp-content\/uploads\/2022\/04\/Rio-de-Janeiro-Christ-the-Redeemer-e1650731939868.jpg","contentUrl":"https:\/\/zpaszportemwreku.com\/wp-content\/uploads\/2022\/04\/Rio-de-Janeiro-Christ-the-Redeemer-e1650731939868.jpg","width":299,"height":240},{"@type":"BreadcrumbList","@id":"https:\/\/zpaszportemwreku.com\/?p=185#breadcrumb","itemListElement":[{"@type":"ListItem","position":1,"name":"Home","item":"https:\/\/zpaszportemwreku.com\/"},{"@type":"ListItem","position":2,"name":"Rio de Janeiro &#8211; Chrystus Odkupiciel, Maracana i&#8230;"}]},{"@type":"WebSite","@id":"https:\/\/zpaszportemwreku.com\/#website","url":"https:\/\/zpaszportemwreku.com\/","name":"Z paszportem w r\u0119ku","description":"Blog podr\u00f3\u017cnika - informacje, porady, wskaz\u00f3wki","publisher":{"@id":"https:\/\/zpaszportemwreku.com\/#\/schema\/person\/41ad224ab9af56eaf73d867a848cba43"},"potentialAction":[{"@type":"SearchAction","target":{"@type":"EntryPoint","urlTemplate":"https:\/\/zpaszportemwreku.com\/?s={search_term_string}"},"query-input":{"@type":"PropertyValueSpecification","valueRequired":true,"valueName":"search_term_string"}}],"inLanguage":"pl-PL"},{"@type":["Person","Organization"],"@id":"https:\/\/zpaszportemwreku.com\/#\/schema\/person\/41ad224ab9af56eaf73d867a848cba43","name":"Podr\u00f3\u017cnik","image":{"@type":"ImageObject","inLanguage":"pl-PL","@id":"https:\/\/zpaszportemwreku.com\/wp-content\/uploads\/2022\/04\/cropped-logo-01-1.png","url":"https:\/\/zpaszportemwreku.com\/wp-content\/uploads\/2022\/04\/cropped-logo-01-1.png","contentUrl":"https:\/\/zpaszportemwreku.com\/wp-content\/uploads\/2022\/04\/cropped-logo-01-1.png","width":93,"height":90,"caption":"Podr\u00f3\u017cnik"},"logo":{"@id":"https:\/\/zpaszportemwreku.com\/wp-content\/uploads\/2022\/04\/cropped-logo-01-1.png"},"sameAs":["https:\/\/zpaszportemwreku.com\/","https:\/\/www.facebook.com\/Z-paszportem-w-rku-101460025888785\/"],"url":"https:\/\/zpaszportemwreku.com\/?author=2"}]}},"_links":{"self":[{"href":"https:\/\/zpaszportemwreku.com\/index.php?rest_route=\/wp\/v2\/posts\/185","targetHints":{"allow":["GET"]}}],"collection":[{"href":"https:\/\/zpaszportemwreku.com\/index.php?rest_route=\/wp\/v2\/posts"}],"about":[{"href":"https:\/\/zpaszportemwreku.com\/index.php?rest_route=\/wp\/v2\/types\/post"}],"author":[{"embeddable":true,"href":"https:\/\/zpaszportemwreku.com\/index.php?rest_route=\/wp\/v2\/users\/2"}],"replies":[{"embeddable":true,"href":"https:\/\/zpaszportemwreku.com\/index.php?rest_route=%2Fwp%2Fv2%2Fcomments&post=185"}],"version-history":[{"count":4,"href":"https:\/\/zpaszportemwreku.com\/index.php?rest_route=\/wp\/v2\/posts\/185\/revisions"}],"predecessor-version":[{"id":235,"href":"https:\/\/zpaszportemwreku.com\/index.php?rest_route=\/wp\/v2\/posts\/185\/revisions\/235"}],"wp:featuredmedia":[{"embeddable":true,"href":"https:\/\/zpaszportemwreku.com\/index.php?rest_route=\/wp\/v2\/media\/217"}],"wp:attachment":[{"href":"https:\/\/zpaszportemwreku.com\/index.php?rest_route=%2Fwp%2Fv2%2Fmedia&parent=185"}],"wp:term":[{"taxonomy":"category","embeddable":true,"href":"https:\/\/zpaszportemwreku.com\/index.php?rest_route=%2Fwp%2Fv2%2Fcategories&post=185"},{"taxonomy":"post_tag","embeddable":true,"href":"https:\/\/zpaszportemwreku.com\/index.php?rest_route=%2Fwp%2Fv2%2Ftags&post=185"}],"curies":[{"name":"wp","href":"https:\/\/api.w.org\/{rel}","templated":true}]}}